{"id":5294,"date":"2026-03-12T11:09:58","date_gmt":"2026-03-12T14:09:58","guid":{"rendered":"https:\/\/zpyme.com.ar\/lapampa\/?p=5294"},"modified":"2026-03-12T11:09:58","modified_gmt":"2026-03-12T14:09:58","slug":"record-de-participacion-y-sustancial-mejora-en-la-calidad-de-las-producciones","status":"publish","type":"post","link":"https:\/\/zpyme.com.ar\/lapampa\/2026\/03\/12\/record-de-participacion-y-sustancial-mejora-en-la-calidad-de-las-producciones\/","title":{"rendered":"R\u00e9cord de participaci\u00f3n y sustancial mejora en la calidad de las producciones"},"content":{"rendered":"<header>\n<blockquote>\n<h4 class=\"nota-detalle-titulo\"><span style=\"color: #ff9900;\"><em><strong><span style=\"font-size: 16px;\">La 7ma. edici\u00f3n de la Convocatoria EPA 2026 cont\u00f3 con gran participaci\u00f3n de productoras audiovisuales de toda la Provincia, alcanzando el n\u00famero r\u00e9cord de 64 inscripciones. Adem\u00e1s, en esta ocasi\u00f3n, las personas que integraron el jurado destacaron que el proceso de selecci\u00f3n result\u00f3 especialmente exigente debido al alto nivel de calidad de los proyectos recibidos, lo que evidencia que se elev\u00f3 la vara en t\u00e9rminos de desarrollo y propuesta audiovisual. Los 20 programas seleccionados, con m\u00e1s calidad t\u00e9cnica y contenidos renovados, contribuir\u00e1n a la programaci\u00f3n de la pantalla de la Televisi\u00f3n P\u00fablica Pampeana.\u00a0\u00a0<\/span><\/strong><\/em><\/span><\/h4>\n<\/blockquote>\n<\/header>\n<div class=\"nota-detalle-cuerpo\">Como en las anteriores seis ediciones el jurado estuvo integrado, tal como se se\u00f1ala en las Bases, por cinco integrantes de instituciones involucradas en medios televisivos nacionales y\/o regionales, y del Gobierno de La Pampa. En esta ocasi\u00f3n quienes llevaron adelante la ardua tarea de selecci\u00f3n de programas, que por primera vez registraron su inscripci\u00f3n de manera online, fueron Rosaura Audi, periodista, exsubsecretaria de Medios P\u00fablicos de Naci\u00f3n; Federico Bolan, periodista y exdirector de Radio y Televisi\u00f3n Neuquina; Juan Nogueira, abogado y gestor de pol\u00edticas p\u00fablicas educativas y culturales; Roc\u00edo Distel, comunicadora social y responsable de redes sociales gubernamentales, y Patricia Fredes, gerenta de Programaci\u00f3n de la emisora estatal provincial.<br \/>\n\u201cComo cada a\u00f1o es un desaf\u00edo y una gratificaci\u00f3n profesional participar como jurado de este concurso que busca incentivar la producci\u00f3n local de los contenidos audiovisuales y, de esa forma, poner en relevancia la importancia de que las y los pampeanos sean representados en la pantalla de la Televisi\u00f3n P\u00fablica Pampeana (TVPP) con sus propias voces e identidad\u201d, se\u00f1al\u00f3 Rosaura Audi, quien tambi\u00e9n destac\u00f3 a la Agencia Provincial de Noticias \u201cla cantidad de producciones presentadas y la calidad de esas producciones en t\u00e9rminos conceptuales y t\u00e9cnicos. Estos hechos hablan de la importancia de sostener pol\u00edticas de incentivo a la generaci\u00f3n de contenidos y trabajar durante el a\u00f1o en el sostenimiento de la calidad de las propuestas elegidas\u201d.<br \/>\nPor su parte Federico Bolan manifest\u00f3: \u201cestoy orgulloso de pertenecer a un jurado que debate y concilia sobre contenidos audiovisuales desde puntos y capacidades tan distintas. Gracias al equipo local se puede entender la historia de cada producci\u00f3n, el camino de crecimiento y el comportamiento durante todo el a\u00f1o, fundamental para la programaci\u00f3n a la altura que merece La Pampa\u201d.<br \/>\nLas siete Convocatorias Est\u00edmulo a la Producci\u00f3n Audiovisual forman parte, desde el a\u00f1o 2020, de una acci\u00f3n del Gobierno pampeano hacia el fortalecimiento audiovisual y la promoci\u00f3n de la sinergia p\u00fablico-privada que garantiza, en el canal estatal provincial, la pluralidad de voces, la creatividad y el tratamiento de identidades locales, como as\u00ed tambi\u00e9n el est\u00edmulo a la promoci\u00f3n de proyectos de origen local y regional.<br \/>\nLos seud\u00f3nimos de los 20 proyectos seleccionados en la Convocatoria Est\u00edmulo a la Producci\u00f3n Audiovisual EPA -edici\u00f3n 2026- se encuentran publicados en el sitio web de la TVPP.<\/div>\n","protected":false},"excerpt":{"rendered":"<p>La 7ma. edici\u00f3n&#8230;<\/p>\n","protected":false},"author":2,"featured_media":5295,"comment_status":"open","ping_status":"open","sticky":false,"template":"","format":"standard","meta":{"_jetpack_memberships_contains_paid_content":false,"footnotes":""},"categories":[32,37],"tags":[],"class_list":["post-5294","post","type-post","status-publish","format-standard","has-post-thumbnail","hentry","category-noticias","category-tecno"],"jetpack_featured_media_url":"https:\/\/i0.wp.com\/zpyme.com.ar\/lapampa\/wp-content\/uploads\/2026\/03\/131128_whatsapp-image-2026-03-10-at-10.21.43-6-.jpg?fit=1200%2C720&ssl=1","jetpack_sharing_enabled":true,"jetpack_likes_enabled":false,"_links":{"self":[{"href":"https:\/\/zpyme.com.ar\/lapampa\/wp-json\/wp\/v2\/posts\/5294","targetHints":{"allow":["GET"]}}],"collection":[{"href":"https:\/\/zpyme.com.ar\/lapampa\/wp-json\/wp\/v2\/posts"}],"about":[{"href":"https:\/\/zpyme.com.ar\/lapampa\/wp-json\/wp\/v2\/types\/post"}],"author":[{"embeddable":true,"href":"https:\/\/zpyme.com.ar\/lapampa\/wp-json\/wp\/v2\/users\/2"}],"replies":[{"embeddable":true,"href":"https:\/\/zpyme.com.ar\/lapampa\/wp-json\/wp\/v2\/comments?post=5294"}],"version-history":[{"count":1,"href":"https:\/\/zpyme.com.ar\/lapampa\/wp-json\/wp\/v2\/posts\/5294\/revisions"}],"predecessor-version":[{"id":5296,"href":"https:\/\/zpyme.com.ar\/lapampa\/wp-json\/wp\/v2\/posts\/5294\/revisions\/5296"}],"wp:featuredmedia":[{"embeddable":true,"href":"https:\/\/zpyme.com.ar\/lapampa\/wp-json\/wp\/v2\/media\/5295"}],"wp:attachment":[{"href":"https:\/\/zpyme.com.ar\/lapampa\/wp-json\/wp\/v2\/media?parent=5294"}],"wp:term":[{"taxonomy":"category","embeddable":true,"href":"https:\/\/zpyme.com.ar\/lapampa\/wp-json\/wp\/v2\/categories?post=5294"},{"taxonomy":"post_tag","embeddable":true,"href":"https:\/\/zpyme.com.ar\/lapampa\/wp-json\/wp\/v2\/tags?post=5294"}],"curies":[{"name":"wp","href":"https:\/\/api.w.org\/{rel}","templated":true}]}}