{"id":5121,"date":"2025-12-04T07:24:24","date_gmt":"2025-12-04T10:24:24","guid":{"rendered":"https:\/\/zpyme.com.ar\/lapampa\/?p=5121"},"modified":"2025-12-04T07:24:24","modified_gmt":"2025-12-04T10:24:24","slug":"unlpam-en-el-territorio-genera-arraigo-e-iguala-oportunidades","status":"publish","type":"post","link":"https:\/\/zpyme.com.ar\/lapampa\/2025\/12\/04\/unlpam-en-el-territorio-genera-arraigo-e-iguala-oportunidades\/","title":{"rendered":"UNLPam en el territorio: \u00abgenera arraigo e iguala oportunidades\u00bb"},"content":{"rendered":"<blockquote>\n<h4><span style=\"color: #ff9900;\"><em><strong>Los estudiantes coinciden en elogiar la iniciativa del Gobierno provincial de llevar la Universidad a todos los rincones de La Pampa.<\/strong><\/em><\/span><\/h4>\n<\/blockquote>\n<p>&nbsp;<\/p>\n<div class=\"nota-detalle-cuerpo\">\u00abMe parece una buena medida esta decisi\u00f3n porque anima a los j\u00f3venes que quieran estudiar una carrera universitaria y que se les imposibilita moverse de su pueblo debido a la situaci\u00f3n econ\u00f3mica actual de nuestro pais\u00bb, asegur\u00f3 Juan Gabriel Iaconis, presidente del Centro de Estudiantes de la Facultad de Ciencias Humanas.<br \/>\nEl joven, oriundo de Santa Isabel, se\u00f1al\u00f3 que esto impacta de manera positiva en su comunidad, \u00abporque hay muchos chicos y chicas que no pueden mudarse a localidades como Santa Rosa o General Pico y pagar un alquiler para poder estudiar plenamente, sino deben trabajar para poder mantenerse econ\u00f3micamente\u00bb. Con la universidad llegando al territorio, ese problema desaparece.<\/p>\n<p><strong>\u00abIguala derechos\u00bb<\/strong><br \/>\nLuj\u00e1n Junquera es estudiante de Ciencias Econ\u00f3micas en la UNLPam y hasta el a\u00f1o pasado integr\u00f3 el Consejo Superior en representaci\u00f3n de los alumnos. Su mirada sobre la decisi\u00f3n es muy auspiciosa porque \u201cgenera arraigo e iguala oportunidades y derechos\u201d.<br \/>\n\u201cLa ampliaci\u00f3n del programa \u201cUNLPam en Territorio\u201d a todas las localidades de la Provincia es una decisi\u00f3n clave y transformadora del Gobierno provincial. En un contexto nacional donde la educaci\u00f3n p\u00fablica se desfinancia y se cuestiona, La Pampa avanza en sentido contrario, acerca la universidad a cada pampeana y pampeano, iguala oportunidades y garantiza derechos\u201d, asegur\u00f3.<br \/>\n\u201cLa clave est\u00e1 en que sea la universidad p\u00fablica la que va al territorio y no esperar que sea al rev\u00e9s. Es pasar de un modelo est\u00e1tico a uno que se mueve, que se acerca, que acompa\u00f1a. Y eso implica apostar por las juventudes, en tiempos de tanta incertidumbre, no es menor tener la posibilidad de acceder a una carrera universitaria y construir un proyecto de vida desde su propia localidad\u201d, agreg\u00f3.<br \/>\nJunquera valor\u00f3 la decisi\u00f3n \u201cporque genera arraigo, da oportunidades y demuestra una vez m\u00e1s que el acceso a la educaci\u00f3n se fortalece con pol\u00edticas p\u00fablicas concretas y con el trabajo conjunto entre la UNLPam, el Gobierno provincial y los municipios\u201d.<\/p>\n<p><strong>Destacan el compromiso del Gobierno provincial<\/strong><br \/>\nPor su parte, Agostina Beccar, que estudia profesorado en Historia y es consejera directiva en la Facultad de Ciencias Humanas, calific\u00f3 la iniciativa como \u201cexcelente\u201d y se\u00f1al\u00f3 que \u201campliar la presencia de la UNLPam en el territorio es clave para garantizar que m\u00e1s j\u00f3venes puedan estudiar sin dejar sus localidades\u201d.<br \/>\n\u201cLa universidad tiene que acercarse al territorio y no al rev\u00e9s, y la ampliaci\u00f3n de nuevas carreras a distancia es un paso enorme en esa direcci\u00f3n. Esto fortalece el derecho a la educaci\u00f3n y la democratizaci\u00f3n del conocimiento\u201d, agreg\u00f3.<br \/>\n\u201cMe parece importante destacar tambi\u00e9n el apoyo y compromiso del Gobierno provincial, que aun en tiempos de ajuste sigue apostando a la educaci\u00f3n p\u00fablica y a acercar la universidad a cada localidad pampeana\u201d, concluy\u00f3.<\/p>\n<p><strong>Decisi\u00f3n que se celebra<\/strong><br \/>\nOtra estudiante\u00a0 que manifest\u00f3 su benepl\u00e1cito por la decisi\u00f3n fue Iv\u00f3n Guti\u00e9rrez, que es presidenta del centro de estudiantes de la Facultad de Ciencias Humanas: \u00abEscuchar estas noticias, que demuestran el compromiso del Gobernardor Ziliotto con la educaci\u00f3n p\u00fablica, es excelente, sobre todo en este contexto en el que el Gobierno nacional desfinancia y ataca a la Universidad p\u00fablica y precariza los salarios docentes. Este programa democratiza los saberes, porque los estudiantes pueden estudiar en sus pueblo, sin sufrir desarraigo y sin tener que realizar gastos adicionales. Celebramos la ampliaci\u00f3n del plan del Gobierno provincial. Tambi\u00e9n es muy importante la donaci\u00f3n de terrenos que se hizo para que se pueda construir la Facultad de Medicina\u00bb, indic\u00f3.<\/div>\n<footer>\n<div class=\"row\">\n<div class=\"col-md-12 col-xs-12\"><\/div>\n<\/div>\n<\/footer>\n","protected":false},"excerpt":{"rendered":"<p>Los estudiantes coinciden&#8230;<\/p>\n","protected":false},"author":2,"featured_media":5122,"comment_status":"open","ping_status":"open","sticky":false,"template":"","format":"standard","meta":{"_jetpack_memberships_contains_paid_content":false,"footnotes":""},"categories":[39,32],"tags":[],"class_list":["post-5121","post","type-post","status-publish","format-standard","has-post-thumbnail","hentry","category-eventos","category-noticias"],"jetpack_featured_media_url":"https:\/\/i0.wp.com\/zpyme.com.ar\/lapampa\/wp-content\/uploads\/2025\/12\/2374842__jng4314-scaled.jpg?fit=2560%2C1707&ssl=1","jetpack_sharing_enabled":true,"jetpack_likes_enabled":false,"_links":{"self":[{"href":"https:\/\/zpyme.com.ar\/lapampa\/wp-json\/wp\/v2\/posts\/5121","targetHints":{"allow":["GET"]}}],"collection":[{"href":"https:\/\/zpyme.com.ar\/lapampa\/wp-json\/wp\/v2\/posts"}],"about":[{"href":"https:\/\/zpyme.com.ar\/lapampa\/wp-json\/wp\/v2\/types\/post"}],"author":[{"embeddable":true,"href":"https:\/\/zpyme.com.ar\/lapampa\/wp-json\/wp\/v2\/users\/2"}],"replies":[{"embeddable":true,"href":"https:\/\/zpyme.com.ar\/lapampa\/wp-json\/wp\/v2\/comments?post=5121"}],"version-history":[{"count":1,"href":"https:\/\/zpyme.com.ar\/lapampa\/wp-json\/wp\/v2\/posts\/5121\/revisions"}],"predecessor-version":[{"id":5123,"href":"https:\/\/zpyme.com.ar\/lapampa\/wp-json\/wp\/v2\/posts\/5121\/revisions\/5123"}],"wp:featuredmedia":[{"embeddable":true,"href":"https:\/\/zpyme.com.ar\/lapampa\/wp-json\/wp\/v2\/media\/5122"}],"wp:attachment":[{"href":"https:\/\/zpyme.com.ar\/lapampa\/wp-json\/wp\/v2\/media?parent=5121"}],"wp:term":[{"taxonomy":"category","embeddable":true,"href":"https:\/\/zpyme.com.ar\/lapampa\/wp-json\/wp\/v2\/categories?post=5121"},{"taxonomy":"post_tag","embeddable":true,"href":"https:\/\/zpyme.com.ar\/lapampa\/wp-json\/wp\/v2\/tags?post=5121"}],"curies":[{"name":"wp","href":"https:\/\/api.w.org\/{rel}","templated":true}]}}