{"id":5110,"date":"2025-12-02T07:33:38","date_gmt":"2025-12-02T10:33:38","guid":{"rendered":"https:\/\/zpyme.com.ar\/lapampa\/?p=5110"},"modified":"2025-12-02T07:33:38","modified_gmt":"2025-12-02T10:33:38","slug":"llega-la-xxvi-jornada-horticola-al-ceret-de-general-pico","status":"publish","type":"post","link":"https:\/\/zpyme.com.ar\/lapampa\/2025\/12\/02\/llega-la-xxvi-jornada-horticola-al-ceret-de-general-pico\/","title":{"rendered":"Llega la XXVI Jornada Hort\u00edcola al CERET de General Pico"},"content":{"rendered":"<header>\n<blockquote>\n<h4 class=\"nota-detalle-titulo\"><span style=\"color: #ff9900;\"><em><strong><span style=\"font-size: 16px;\">El \u00e1rea de Producciones Intensivas del CERET invit\u00f3 a participar de la XXVI Jornada Hort\u00edcola, a realizarse este vienres 5, de 9 a 15, en las instalaciones del Centro Regional de Educaci\u00f3n Tecnol\u00f3gica, en el Parque Industrial de General Pico.<\/span><\/strong><\/em><\/span><\/h4>\n<\/blockquote>\n<\/header>\n<div class=\"nota-detalle-cuerpo\">El director del Centro, Juan Manuel Bello, expres\u00f3 que \u201cla actividad se enmarca dentro del cronograma de actividades anuales del CERET, tienen como objetivo ser encuentro de todas aquellas personas que est\u00e9n ligadas e interesadas en la horticultura\u201d.<br \/>\nEn di\u00e1logo con la Agencia Provincial de Noticias, asegur\u00f3: \u201chabr\u00e1 intercambio con productores, t\u00e9cnicos, docentes, personas que tienen un proyecto hort\u00edcola. La finalidad es cumplir con el uno de los objetivos m\u00e1s importantes que tiene el Centro, que es que a trav\u00e9s de la investigaci\u00f3n y extensi\u00f3n de tecnolog\u00edas, la innovaci\u00f3n, contribuir al desarrollo de la horticultura en nuestra provincia\u201d.<br \/>\nContando que \u00e9ste a\u00f1o se pondr\u00e1 en funcionamiento un m\u00f3dulo de hidroponia, el director del CERET invit\u00f3 a formar parte de la actividad.<\/div>\n","protected":false},"excerpt":{"rendered":"<p>El \u00e1rea de&#8230;<\/p>\n","protected":false},"author":2,"featured_media":5111,"comment_status":"open","ping_status":"open","sticky":false,"template":"","format":"standard","meta":{"_jetpack_memberships_contains_paid_content":false,"footnotes":""},"categories":[39,32],"tags":[],"class_list":["post-5110","post","type-post","status-publish","format-standard","has-post-thumbnail","hentry","category-eventos","category-noticias"],"jetpack_featured_media_url":"https:\/\/i0.wp.com\/zpyme.com.ar\/lapampa\/wp-content\/uploads\/2025\/12\/ceret.jpg?fit=938%2C1280&ssl=1","jetpack_sharing_enabled":true,"jetpack_likes_enabled":false,"_links":{"self":[{"href":"https:\/\/zpyme.com.ar\/lapampa\/wp-json\/wp\/v2\/posts\/5110","targetHints":{"allow":["GET"]}}],"collection":[{"href":"https:\/\/zpyme.com.ar\/lapampa\/wp-json\/wp\/v2\/posts"}],"about":[{"href":"https:\/\/zpyme.com.ar\/lapampa\/wp-json\/wp\/v2\/types\/post"}],"author":[{"embeddable":true,"href":"https:\/\/zpyme.com.ar\/lapampa\/wp-json\/wp\/v2\/users\/2"}],"replies":[{"embeddable":true,"href":"https:\/\/zpyme.com.ar\/lapampa\/wp-json\/wp\/v2\/comments?post=5110"}],"version-history":[{"count":2,"href":"https:\/\/zpyme.com.ar\/lapampa\/wp-json\/wp\/v2\/posts\/5110\/revisions"}],"predecessor-version":[{"id":5113,"href":"https:\/\/zpyme.com.ar\/lapampa\/wp-json\/wp\/v2\/posts\/5110\/revisions\/5113"}],"wp:featuredmedia":[{"embeddable":true,"href":"https:\/\/zpyme.com.ar\/lapampa\/wp-json\/wp\/v2\/media\/5111"}],"wp:attachment":[{"href":"https:\/\/zpyme.com.ar\/lapampa\/wp-json\/wp\/v2\/media?parent=5110"}],"wp:term":[{"taxonomy":"category","embeddable":true,"href":"https:\/\/zpyme.com.ar\/lapampa\/wp-json\/wp\/v2\/categories?post=5110"},{"taxonomy":"post_tag","embeddable":true,"href":"https:\/\/zpyme.com.ar\/lapampa\/wp-json\/wp\/v2\/tags?post=5110"}],"curies":[{"name":"wp","href":"https:\/\/api.w.org\/{rel}","templated":true}]}}