{"id":5107,"date":"2025-12-02T07:31:07","date_gmt":"2025-12-02T10:31:07","guid":{"rendered":"https:\/\/zpyme.com.ar\/lapampa\/?p=5107"},"modified":"2025-12-02T07:31:07","modified_gmt":"2025-12-02T10:31:07","slug":"provincia-en-la-reunion-regional-del-consejo-federal-agropecuario","status":"publish","type":"post","link":"https:\/\/zpyme.com.ar\/lapampa\/2025\/12\/02\/provincia-en-la-reunion-regional-del-consejo-federal-agropecuario\/","title":{"rendered":"Provincia en la Reuni\u00f3n Regional del Consejo Federal Agropecuario"},"content":{"rendered":"<header>\n<blockquote>\n<h4 class=\"nota-detalle-titulo\"><span style=\"color: #ff9900;\"><em><strong><span style=\"font-size: 16px;\">Con la participaci\u00f3n de referentes de las provincias de C\u00f3rdoba, Santa Fe, Buenos Aires y La Pampa se trabaj\u00f3 sobre una agenda centrada en acciones que potencien la actividad productiva de la zona centro del pa\u00eds.<\/span><\/strong><\/em><\/span><\/h4>\n<\/blockquote>\n<\/header>\n<div class=\"nota-detalle-cuerpo\">Representantes del ministerio de la Producci\u00f3n junto a referentes de la Regi\u00f3n Centro y autoridades de la Secretar\u00eda de Agricultura, Ganader\u00eda y Pesca del Ministerio de Econom\u00eda de la Naci\u00f3n se reunieron en C\u00f3rdoba en el marco de la primera Reuni\u00f3n del Consejo Federal Agropecuario. El encuentro es considerado estrat\u00e9gico para el sector productivo, teniendo en cuenta que la zona centro del pa\u00eds concentra m\u00e1s del 80% de la producci\u00f3n de cultivos extensivos del pa\u00eds, m\u00e1s del 63% del rodeo nacional y el 80% de la faena. Tuvo una agenda diversa centrada en cuestiones relacionadas a sanidad animal, normativa de SENASA, innovaci\u00f3n tecnol\u00f3gica y las herramientas financieras vigentes. Por La Pampa participaron Ricardo Baraldi, subsecretario de Asuntos Agrarios y Marcelo Lluch, director de Ganader\u00eda. Consultado por esta Agencia Provincial de Noticias, Baraldi destac\u00f3 como uno de los principales temas la aplicaci\u00f3n de la Resoluci\u00f3n 711\/2025, que reduce la cantidad de dosis de vacuna antiaftosa en categor\u00edas espec\u00edficas. \u201cSe estima que la medida, que contempla dejar de vacunar a vaquillonas, novillos y novillitos en la segunda campa\u00f1a de 2026 y excluir a los feedlots en la primera, significar\u00eda un ahorro estimado de USD 25 millones para los productores\u201d.<br \/>\nPor otro lado, para la producci\u00f3n porcina se presentaron los lineamientos del nuevo Plan Nacional de Control y Erradicaci\u00f3n de la Enfermedad de Aujeszky, en materia aviar, se inform\u00f3 que Argentina obtuvo la certificaci\u00f3n de pa\u00eds libre de influenza aviar, a su vez se trabaj\u00f3 sobre la elaboraci\u00f3n del Plan de Garrapata del Bovino, las acciones en marcha dentro del Plan de Sanidad Ap\u00edcola y se repasaron las distintas l\u00edneas de financiamiento a valor producto otorgadas por BICE para el sector de lecher\u00eda, porcinos, novillos y la ofrecida por el Banco Naci\u00f3n para ovinos. Al respecto, Baraldi, resalt\u00f3 el pedido de la Provincia para que las propuestas financieras a valor producto contemplen a los peque\u00f1os y medianos productores ganaderos, \u201cya que la condici\u00f3n impuesta de contar con m\u00e1s de 250 vientres, excluye al 75% de los productores pampeanos\u201d. Se complejiza la situaci\u00f3n si adem\u00e1s se tiene en cuenta que el valor producto propuesto por el Gobierno nacional es con tasa valor UVA m\u00e1s 8 puntos\u00bb.<br \/>\nCon respecto a la identificaci\u00f3n electr\u00f3nica y la obligatoriedad de la colocaci\u00f3n de las caravanas a partir del 1 de enero de 2026, desde La Pampa se propuso durante el encuentro, la extensi\u00f3n de una pr\u00f3rroga y una estratificaci\u00f3n de los productores para la colocaci\u00f3n, por lo que las autoridades del SENASA, estimaron que se extender\u00e1 unos meses m\u00e1s, dado el per\u00edodo de parici\u00f3n de los animales, comprometi\u00e9ndose a su vez a ser flexibles atendiendo a las necesidades de los productores.\u00a0Por \u00faltimo, representantes del INTA expusieron sobre posibles acciones relacionadas al uso de tecnolog\u00eda aplicada al agro enfocada al riego y al uso de drones para la aplicaci\u00f3n de fitosanitarios.<\/p>\n<\/div>\n","protected":false},"excerpt":{"rendered":"<p>Con la participaci\u00f3n&#8230;<\/p>\n","protected":false},"author":2,"featured_media":5108,"comment_status":"open","ping_status":"open","sticky":false,"template":"","format":"standard","meta":{"_jetpack_memberships_contains_paid_content":false,"footnotes":""},"categories":[38,32],"tags":[],"class_list":["post-5107","post","type-post","status-publish","format-standard","has-post-thumbnail","hentry","category-agro","category-noticias"],"jetpack_featured_media_url":"https:\/\/i0.wp.com\/zpyme.com.ar\/lapampa\/wp-content\/uploads\/2025\/12\/ric.jpeg?fit=1280%2C734&ssl=1","jetpack_sharing_enabled":true,"jetpack_likes_enabled":false,"_links":{"self":[{"href":"https:\/\/zpyme.com.ar\/lapampa\/wp-json\/wp\/v2\/posts\/5107","targetHints":{"allow":["GET"]}}],"collection":[{"href":"https:\/\/zpyme.com.ar\/lapampa\/wp-json\/wp\/v2\/posts"}],"about":[{"href":"https:\/\/zpyme.com.ar\/lapampa\/wp-json\/wp\/v2\/types\/post"}],"author":[{"embeddable":true,"href":"https:\/\/zpyme.com.ar\/lapampa\/wp-json\/wp\/v2\/users\/2"}],"replies":[{"embeddable":true,"href":"https:\/\/zpyme.com.ar\/lapampa\/wp-json\/wp\/v2\/comments?post=5107"}],"version-history":[{"count":1,"href":"https:\/\/zpyme.com.ar\/lapampa\/wp-json\/wp\/v2\/posts\/5107\/revisions"}],"predecessor-version":[{"id":5109,"href":"https:\/\/zpyme.com.ar\/lapampa\/wp-json\/wp\/v2\/posts\/5107\/revisions\/5109"}],"wp:featuredmedia":[{"embeddable":true,"href":"https:\/\/zpyme.com.ar\/lapampa\/wp-json\/wp\/v2\/media\/5108"}],"wp:attachment":[{"href":"https:\/\/zpyme.com.ar\/lapampa\/wp-json\/wp\/v2\/media?parent=5107"}],"wp:term":[{"taxonomy":"category","embeddable":true,"href":"https:\/\/zpyme.com.ar\/lapampa\/wp-json\/wp\/v2\/categories?post=5107"},{"taxonomy":"post_tag","embeddable":true,"href":"https:\/\/zpyme.com.ar\/lapampa\/wp-json\/wp\/v2\/tags?post=5107"}],"curies":[{"name":"wp","href":"https:\/\/api.w.org\/{rel}","templated":true}]}}