{"id":5095,"date":"2025-11-28T10:41:14","date_gmt":"2025-11-28T13:41:14","guid":{"rendered":"https:\/\/zpyme.com.ar\/lapampa\/?p=5095"},"modified":"2025-11-28T10:41:14","modified_gmt":"2025-11-28T13:41:14","slug":"la-pampa-participo-de-la-xxviii-conferencia-zonas-francas-iberoamerica","status":"publish","type":"post","link":"https:\/\/zpyme.com.ar\/lapampa\/2025\/11\/28\/la-pampa-participo-de-la-xxviii-conferencia-zonas-francas-iberoamerica\/","title":{"rendered":"La Pampa particip\u00f3 de la XXVIII Conferencia Zonas Francas Iberoam\u00e9rica"},"content":{"rendered":"<header>\n<blockquote>\n<h4 class=\"nota-detalle-titulo\"><span style=\"color: #ff9900;\"><em><strong><span style=\"font-size: 16px;\">Incluy\u00f3 un recorrido apuntado a compartir experiencias e intercambiar informaci\u00f3n sobre el r\u00e9gimen de las Zonas Francas<\/span><\/strong><\/em><\/span><\/h4>\n<\/blockquote>\n<\/header>\n<div class=\"nota-detalle-cuerpo\">\n<p>Se llev\u00f3 a cabo recientemente la XXVIII Conferencia de Zonas Francas de Iberoam\u00e9rica, de la cual participaron el presidente del Comit\u00e9 Ejecutivo de la Zona Franca de General Pico, Germ\u00e1n Luqui y la directora de Relaciones Institucionales, Alejandra Alonso.\u00a0Fueron tres d\u00edas de intercambio estrat\u00e9gico y visi\u00f3n de futuro, durante los cuales la comunidad de Zonas Francas, l\u00edderes empresariales y autoridades, compartieron experiencias, y comenzaron a trabajar en nuevas sinergias.\u00a0En la apertura de dicho evento estuvieron presentes el presidente de Uruguay, Yamand\u00fa Orsi, el presidente de la C\u00e1mara de Zonas Francas del Uruguay, Enrique Buero, entre otras autoridades.\u00a0La Zona Franca de la provincia de La Pampa estuvo presente generando nuevos contactos y posibilidades de trabajo. El presidente y la directora recorrieron la Zona Franca Agua Park, el Parque de las Ciencias y Zonam\u00e9rica.<br \/>\n\u201cVisitamos distintas Zonas Francas, conocimos las oficinas de Mercado Libre, tambi\u00e9n el laboratorio Mega Lab, el cual es de argentinos instalados all\u00e1 y los pudimos conocer con m\u00e1s profundidad\u201d, manifest\u00f3 la funcionaria. \u201cEn general\u00bb, resumi\u00f3, \u00abse hizo un pantallazo de como est\u00e1n trabajando el resto de las Zonas Francas en Iberoam\u00e9rica, tratando de compartir experiencias y viendo como mejorar el r\u00e9gimen en La Pampa\u201d.\n<\/p><\/div>\n","protected":false},"excerpt":{"rendered":"<p>Incluy\u00f3 un recorrido&#8230;<\/p>\n","protected":false},"author":2,"featured_media":5096,"comment_status":"open","ping_status":"open","sticky":false,"template":"","format":"standard","meta":{"_jetpack_memberships_contains_paid_content":false,"footnotes":""},"categories":[35,32],"tags":[],"class_list":["post-5095","post","type-post","status-publish","format-standard","has-post-thumbnail","hentry","category-finanzas","category-noticias"],"jetpack_featured_media_url":"https:\/\/i0.wp.com\/zpyme.com.ar\/lapampa\/wp-content\/uploads\/2025\/11\/311649_whatsapp-image-2025-11-25-at-1.05.36-pm-1-1.jpeg?fit=1600%2C1200&ssl=1","jetpack_sharing_enabled":true,"jetpack_likes_enabled":false,"_links":{"self":[{"href":"https:\/\/zpyme.com.ar\/lapampa\/wp-json\/wp\/v2\/posts\/5095","targetHints":{"allow":["GET"]}}],"collection":[{"href":"https:\/\/zpyme.com.ar\/lapampa\/wp-json\/wp\/v2\/posts"}],"about":[{"href":"https:\/\/zpyme.com.ar\/lapampa\/wp-json\/wp\/v2\/types\/post"}],"author":[{"embeddable":true,"href":"https:\/\/zpyme.com.ar\/lapampa\/wp-json\/wp\/v2\/users\/2"}],"replies":[{"embeddable":true,"href":"https:\/\/zpyme.com.ar\/lapampa\/wp-json\/wp\/v2\/comments?post=5095"}],"version-history":[{"count":1,"href":"https:\/\/zpyme.com.ar\/lapampa\/wp-json\/wp\/v2\/posts\/5095\/revisions"}],"predecessor-version":[{"id":5097,"href":"https:\/\/zpyme.com.ar\/lapampa\/wp-json\/wp\/v2\/posts\/5095\/revisions\/5097"}],"wp:featuredmedia":[{"embeddable":true,"href":"https:\/\/zpyme.com.ar\/lapampa\/wp-json\/wp\/v2\/media\/5096"}],"wp:attachment":[{"href":"https:\/\/zpyme.com.ar\/lapampa\/wp-json\/wp\/v2\/media?parent=5095"}],"wp:term":[{"taxonomy":"category","embeddable":true,"href":"https:\/\/zpyme.com.ar\/lapampa\/wp-json\/wp\/v2\/categories?post=5095"},{"taxonomy":"post_tag","embeddable":true,"href":"https:\/\/zpyme.com.ar\/lapampa\/wp-json\/wp\/v2\/tags?post=5095"}],"curies":[{"name":"wp","href":"https:\/\/api.w.org\/{rel}","templated":true}]}}