{"id":5021,"date":"2025-11-03T11:32:13","date_gmt":"2025-11-03T14:32:13","guid":{"rendered":"https:\/\/zpyme.com.ar\/lapampa\/?p=5021"},"modified":"2025-11-03T11:32:13","modified_gmt":"2025-11-03T14:32:13","slug":"rondas-de-vinculacion-cientifico-empresariales-en-el-congreso-patagonico-de-alimentos","status":"publish","type":"post","link":"https:\/\/zpyme.com.ar\/lapampa\/2025\/11\/03\/rondas-de-vinculacion-cientifico-empresariales-en-el-congreso-patagonico-de-alimentos\/","title":{"rendered":"Rondas de Vinculaci\u00f3n Cient\u00edfico\u2013Empresariales en el Congreso Patag\u00f3nico de Alimentos"},"content":{"rendered":"<header>\n<blockquote>\n<h4 class=\"nota-detalle-titulo\"><span style=\"color: #ff9900;\"><em><strong><span style=\"font-size: 16px;\">En el marco del Primer Congreso Patag\u00f3nico de Alimentos, desarrollado en la ciudad de General Pico, se llevaron adelante las Rondas de Vinculaci\u00f3n Cient\u00edfico\u2013Empresariales, organizadas por la Facultad de Ciencias Veterinarias de la Universidad Nacional de La Pampa y el Gobierno de La Pampa, a trav\u00e9s de la Agencia I-COMEX La Pampa.\u00a0<\/span><\/strong><\/em><\/span><\/h4>\n<\/blockquote>\n<\/header>\n<div class=\"nota-detalle-cuerpo\">\n<p>Esta edici\u00f3n incorpor\u00f3 una modalidad in\u00e9dita: por primera vez, las rondas no solo reunieron a empresas del sector alimentario, sino tambi\u00e9n a investigadores, profesionales y referentes acad\u00e9micos que participaron del congreso. Este enfoque cient\u00edfico\u2013empresarial permiti\u00f3 fortalecer los lazos entre el conocimiento y la producci\u00f3n, impulsando el desarrollo de proyectos colaborativos, la transferencia tecnol\u00f3gica y la innovaci\u00f3n aplicada al sector.\u00a0En total, participaron 28 empresas y profesionales vinculados a la cadena de valor alimentaria, quienes mantuvieron reuniones de 20 minutos destinadas a presentar sus propuestas, demandas e intereses. Durante la jornada se generaron nuevos contactos, potenciales alianzas y oportunidades comerciales, consolidando un espacio de intercambio estrat\u00e9gico que promueve la articulaci\u00f3n p\u00fablico\u2013privada.<br \/>\nLa gerenta de Comercio Exterior de I-COMEX La Pampa, Eugenia Paturlanne destac\u00f3 a esta Agencia la importancia de estos encuentros en el marco de pol\u00edticas de desarrollo provincial. \u201cEstas rondas de vinculaci\u00f3n son herramientas concretas para conectar el conocimiento con la producci\u00f3n, promoviendo innovaci\u00f3n, competitividad y empleo genuino en la Provincia\u201d, y subray\u00f3 que la iniciativa responde a la pol\u00edtica impulsada por el gobernador Sergio Ziliotto y se enmarca en el Plan de Desarrollo Econ\u00f3mico y Productivo 2026\u20132030, recientemente presentado, que busca consolidar un modelo de crecimiento sostenible basado en la articulaci\u00f3n entre el sector p\u00fablico, privado y acad\u00e9mico.<br \/>\nDesde la organizaci\u00f3n destacaron que el encuentro super\u00f3 ampliamente las metas propuestas y se convirti\u00f3 en un verdadero punto de conexi\u00f3n para quienes trabajan en el desarrollo del sector agroalimentario en la regi\u00f3n. Adem\u00e1s, remarcaron la importancia de dar visibilidad a la Patagonia, mostrando su potencial y el trabajo conjunto de investigadores, empresarios y emprendedores que d\u00eda a d\u00eda impulsan el crecimiento del sector agroalimentario en la regi\u00f3n.<br \/>\n\u201cLas rondas de vinculaci\u00f3n fueron un cierre ideal, fueron encuentros muy productivos que consolidaron la red patag\u00f3nica de personas e instituciones comprometidas con el desarrollo del sector agroalimentario\u00bb, destac\u00f3 Mariana Forte, referente de la Facultad de Veterinarias, y agreg\u00f3: \u00abtenemos la convicci\u00f3n de que este es solo el comienzo.\u201d<br \/>\nLas rondas contaron con una plataforma digital de gesti\u00f3n de reuniones, que permiti\u00f3 a los participantes crear sus perfiles, solicitar encuentros y recibir su agenda personalizada. Esta herramienta optimiz\u00f3 los tiempos y facilit\u00f3 la organizaci\u00f3n de m\u00e1s de un centenar de reuniones durante la jornada.<br \/>\nEsta primera experiencia refuerza la importancia de incorporar espacios de vinculaci\u00f3n dentro de los congresos sectoriales, integrando la mirada acad\u00e9mica y la din\u00e1mica empresarial para seguir construyendo una Patagonia m\u00e1s innovadora, competitiva y sostenible.<\/p>\n<\/div>\n","protected":false},"excerpt":{"rendered":"<p>En el marco&#8230;<\/p>\n","protected":false},"author":2,"featured_media":5022,"comment_status":"open","ping_status":"open","sticky":false,"template":"","format":"standard","meta":{"_jetpack_memberships_contains_paid_content":false,"footnotes":""},"categories":[36,32],"tags":[],"class_list":["post-5021","post","type-post","status-publish","format-standard","has-post-thumbnail","hentry","category-empresas","category-noticias"],"jetpack_featured_media_url":"https:\/\/i0.wp.com\/zpyme.com.ar\/lapampa\/wp-content\/uploads\/2025\/11\/245330_img-20251031-wa0025.jpg?fit=1600%2C1200&ssl=1","jetpack_sharing_enabled":true,"jetpack_likes_enabled":false,"_links":{"self":[{"href":"https:\/\/zpyme.com.ar\/lapampa\/wp-json\/wp\/v2\/posts\/5021","targetHints":{"allow":["GET"]}}],"collection":[{"href":"https:\/\/zpyme.com.ar\/lapampa\/wp-json\/wp\/v2\/posts"}],"about":[{"href":"https:\/\/zpyme.com.ar\/lapampa\/wp-json\/wp\/v2\/types\/post"}],"author":[{"embeddable":true,"href":"https:\/\/zpyme.com.ar\/lapampa\/wp-json\/wp\/v2\/users\/2"}],"replies":[{"embeddable":true,"href":"https:\/\/zpyme.com.ar\/lapampa\/wp-json\/wp\/v2\/comments?post=5021"}],"version-history":[{"count":1,"href":"https:\/\/zpyme.com.ar\/lapampa\/wp-json\/wp\/v2\/posts\/5021\/revisions"}],"predecessor-version":[{"id":5023,"href":"https:\/\/zpyme.com.ar\/lapampa\/wp-json\/wp\/v2\/posts\/5021\/revisions\/5023"}],"wp:featuredmedia":[{"embeddable":true,"href":"https:\/\/zpyme.com.ar\/lapampa\/wp-json\/wp\/v2\/media\/5022"}],"wp:attachment":[{"href":"https:\/\/zpyme.com.ar\/lapampa\/wp-json\/wp\/v2\/media?parent=5021"}],"wp:term":[{"taxonomy":"category","embeddable":true,"href":"https:\/\/zpyme.com.ar\/lapampa\/wp-json\/wp\/v2\/categories?post=5021"},{"taxonomy":"post_tag","embeddable":true,"href":"https:\/\/zpyme.com.ar\/lapampa\/wp-json\/wp\/v2\/tags?post=5021"}],"curies":[{"name":"wp","href":"https:\/\/api.w.org\/{rel}","templated":true}]}}