{"id":5012,"date":"2025-10-30T12:41:12","date_gmt":"2025-10-30T15:41:12","guid":{"rendered":"https:\/\/zpyme.com.ar\/lapampa\/?p=5012"},"modified":"2025-10-30T12:41:12","modified_gmt":"2025-10-30T15:41:12","slug":"siguen-en-marcha-las-capacitaciones-para-feriantes","status":"publish","type":"post","link":"https:\/\/zpyme.com.ar\/lapampa\/2025\/10\/30\/siguen-en-marcha-las-capacitaciones-para-feriantes\/","title":{"rendered":"Siguen en marcha las capacitaciones para feriantes"},"content":{"rendered":"<header>\n<blockquote>\n<h4 class=\"nota-detalle-titulo\"><span style=\"color: #ff9900;\"><em><strong><span style=\"font-size: 16px;\">La propuesta \u201cArmado de stands en ferias: atraer, conectar y vender\u201d, se difunde por varias localidades.<\/span><\/strong><\/em><\/span><\/h4>\n<\/blockquote>\n<\/header>\n<div class=\"nota-detalle-cuerpo\">\n<p>Previo al mes del Emprendedorismo y con el objetivo de acompa\u00f1ar a los feriantes que formar\u00e1n parte del mismo, se est\u00e1n desarrollando en distintas localidades de la Provincia, una serie de capacitaciones orientadas al dise\u00f1o y presentaci\u00f3n de stands. Estas instancias buscan ofrecer herramientas pr\u00e1cticas que permitan mejorar la exhibici\u00f3n de productos, generar v\u00ednculos con el p\u00fablico y fortalecer las estrategias de venta.\u00a0La propuesta titulada \u201cArmado de stands en ferias: atraer, conectar y vender\u201d, comenz\u00f3 con un encuentro virtual, continu\u00f3 con charlas presenciales en Catril\u00f3 y Toay, y culminar\u00e1 el 31 de octubre en Jacinto Arauz, donde se invita a localidades de la zona a participar.<br \/>\nEn cada instancia se registr\u00f3 una muy buena concurrencia de participantes, quienes compartieron experiencias, dudas y estrategias, en un intercambio fluido tanto entre ellos como con la capacitadora y organizadores, enriqueciendo el proceso de aprendizaje colectivo.<br \/>\n\u201cEl fin es acompa\u00f1ar a los emprendedores como lo hicimos a lo largo de todo su proceso, con distintas herramientas, en esta etapa como feriantes o expositores, para que aprendan a dise\u00f1ar su\u00a0espacio, que les permita visibilizarlo, generar m\u00e1s v\u00ednculos y sobre todo aumentar tus ventas\u201d, se\u00f1al\u00f3 a la APN la directora de Microemprendimientos y Micropymes, Alejandra Gal\u00e1n.<br \/>\nLas actividades se enmarcan en el trabajo conjunto de la Mesa Interministerial, integrada por el Ministerio de la Producci\u00f3n, a trav\u00e9s del Programa Emprender La Pampa; el Ministerio de Desarrollo Social, mediante Weni Comunidad Emprendedora; la Secretar\u00eda de Trabajo y Promoci\u00f3n del Empleo, a trav\u00e9s de la Red de Empleo; y la Secretar\u00eda de la Mujer, G\u00e9neros y Diversidad, mediante la Red Pampeana de Mujeres y Diversidades Emprendedoras.<br \/>\nEste ciclo de capacitaciones culminar\u00e1 en Jacinto Arauz, el 31 de octubre a las 14:30, en la Biblioteca Popular \u201cM. Elena Falciola\u201d (Rivadavia 165). Se invita a las localidades vecinas a sumarse a esta iniciativa e inscribirse a trav\u00e9s del siguiente enlace:<br \/>\n<a href=\"https:\/\/forms.gle\/fY466D92kQANCEeN6\" target=\"_new\">https:\/\/forms.gle\/fY466D92kQANCEeN6<\/a><\/p>\n<\/div>\n<footer>\n<div class=\"row\">\n<div class=\"col-md-12 col-xs-12\"><\/div>\n<\/div>\n<\/footer>\n","protected":false},"excerpt":{"rendered":"<p>La propuesta \u201cArmado&#8230;<\/p>\n","protected":false},"author":2,"featured_media":5013,"comment_status":"open","ping_status":"open","sticky":false,"template":"","format":"standard","meta":{"_jetpack_memberships_contains_paid_content":false,"footnotes":""},"categories":[34,32],"tags":[],"class_list":["post-5012","post","type-post","status-publish","format-standard","has-post-thumbnail","hentry","category-emprendedores","category-noticias"],"jetpack_featured_media_url":"https:\/\/i0.wp.com\/zpyme.com.ar\/lapampa\/wp-content\/uploads\/2025\/10\/6900d78286363.jpg?fit=900%2C507&ssl=1","jetpack_sharing_enabled":true,"jetpack_likes_enabled":false,"_links":{"self":[{"href":"https:\/\/zpyme.com.ar\/lapampa\/wp-json\/wp\/v2\/posts\/5012","targetHints":{"allow":["GET"]}}],"collection":[{"href":"https:\/\/zpyme.com.ar\/lapampa\/wp-json\/wp\/v2\/posts"}],"about":[{"href":"https:\/\/zpyme.com.ar\/lapampa\/wp-json\/wp\/v2\/types\/post"}],"author":[{"embeddable":true,"href":"https:\/\/zpyme.com.ar\/lapampa\/wp-json\/wp\/v2\/users\/2"}],"replies":[{"embeddable":true,"href":"https:\/\/zpyme.com.ar\/lapampa\/wp-json\/wp\/v2\/comments?post=5012"}],"version-history":[{"count":1,"href":"https:\/\/zpyme.com.ar\/lapampa\/wp-json\/wp\/v2\/posts\/5012\/revisions"}],"predecessor-version":[{"id":5014,"href":"https:\/\/zpyme.com.ar\/lapampa\/wp-json\/wp\/v2\/posts\/5012\/revisions\/5014"}],"wp:featuredmedia":[{"embeddable":true,"href":"https:\/\/zpyme.com.ar\/lapampa\/wp-json\/wp\/v2\/media\/5013"}],"wp:attachment":[{"href":"https:\/\/zpyme.com.ar\/lapampa\/wp-json\/wp\/v2\/media?parent=5012"}],"wp:term":[{"taxonomy":"category","embeddable":true,"href":"https:\/\/zpyme.com.ar\/lapampa\/wp-json\/wp\/v2\/categories?post=5012"},{"taxonomy":"post_tag","embeddable":true,"href":"https:\/\/zpyme.com.ar\/lapampa\/wp-json\/wp\/v2\/tags?post=5012"}],"curies":[{"name":"wp","href":"https:\/\/api.w.org\/{rel}","templated":true}]}}