{"id":5005,"date":"2025-10-28T08:05:54","date_gmt":"2025-10-28T11:05:54","guid":{"rendered":"https:\/\/zpyme.com.ar\/lapampa\/?p=5005"},"modified":"2025-10-28T08:05:54","modified_gmt":"2025-10-28T11:05:54","slug":"cultura-propone-capacitacion-en-marketing-y-comunicacion","status":"publish","type":"post","link":"https:\/\/zpyme.com.ar\/lapampa\/2025\/10\/28\/cultura-propone-capacitacion-en-marketing-y-comunicacion\/","title":{"rendered":"Cultura propone capacitaci\u00f3n en Marketing y Comunicaci\u00f3n"},"content":{"rendered":"<header>\n<blockquote>\n<h4 class=\"nota-detalle-titulo\"><span style=\"color: #ff9900;\"><em><strong><span style=\"font-size: 16px;\">La Secretar\u00eda de Cultura del Gobierno de La Pampa y el Instituto Nacional de la M\u00fasica (INAMU) anunciaron la capacitaci\u00f3n en Marketing y Comunicaci\u00f3n, para este jueves 30 de octubre, que est\u00e1 destinado a fortalecer el desarrollo de proyectos musicales en todas sus instancias.<\/span><\/strong><\/em><\/span><\/h4>\n<\/blockquote>\n<\/header>\n<div class=\"nota-detalle-cuerpo\">\n<p>La propuesta se desarrollar\u00e1 el pr\u00f3ximo jueves a partir de las 18 y por la plataforma virtual Zoom. Estar\u00e1 a cargo de Giselle Rodr\u00edguez y Jimena de la Cruz (de Futura Comunicaci\u00f3n).<\/p>\n<p>Los puntos principales de la capacitaci\u00f3n ser\u00e1n:<\/p>\n<p>-Introducci\u00f3n al ecosistema digital: caracter\u00edsticas, actores y din\u00e1micas del entorno virtual.<\/p>\n<p>-C\u00f3mo habitar el territorio digital de manera consciente y estrat\u00e9gica.<\/p>\n<p>-Narrativas transmedia: construcci\u00f3n de identidad y coherencia comunicacional del proyecto.<\/p>\n<p>-Elaboraci\u00f3n de un mapa digital del proyecto musical: diagn\u00f3stico de presencia en redes y plataformas<\/p>\n<p>-Estrategia digital: universo org\u00e1nico y arquitectura de la pauta digital.<\/p>\n<p>Al finalizar, se abrir\u00e1 un espacio para preguntas y aclaraci\u00f3n de dudas. La inscripci\u00f3n es libre y se debe completar el siguiente formulario:<\/p>\n<p><a href=\"https:\/\/docs.google.com\/forms\/d\/e\/1FAIpQLSflthscIvywUyheHzsgWZzzEukVGS7Bm5kEBfMRzM4Paqef2g\/closedform\" target=\"_blank\" rel=\"noopener\">https:\/\/docs.google.com\/forms\/d\/e\/1FAIpQLSflthscIvywUyheHzsgWZzzEukVGS7Bm5kEBfMRzM4Paqef2g\/closedform<\/a><\/p>\n<p>(Recibir\u00e1n el enlace de acceso a Zoom en el mensaje de confirmaci\u00f3n una vez completado el formulario)<\/p>\n<p><strong>Ciclo de capacitaciones y talleres virtuales del INAMU<\/strong><br \/>\nEstas capacitaciones se suman a las realizadas el a\u00f1o pasado, que contin\u00faan disponibles en el sitio web del INAMU a trav\u00e9s del Panel de Control. De este modo, se ampl\u00eda y actualiza el acceso a instancias de formaci\u00f3n para artistas musicales y para quienes integran otros sectores de la actividad.<br \/>\nEsta edici\u00f3n 2025 incluye ocho capacitaciones a cargo de profesionales de amplia trayectoria, orientadas a brindar herramientas para la gesti\u00f3n, producci\u00f3n, circulaci\u00f3n y protecci\u00f3n de obras.\u00a0Los contenidos abordan tem\u00e1ticas clave para el desarrollo art\u00edstico y t\u00e9cnico de proyectos musicales.<\/p>\n<\/div>\n","protected":false},"excerpt":{"rendered":"<p>La Secretar\u00eda de&#8230;<\/p>\n","protected":false},"author":2,"featured_media":5006,"comment_status":"open","ping_status":"open","sticky":false,"template":"","format":"standard","meta":{"_jetpack_memberships_contains_paid_content":false,"footnotes":""},"categories":[34,32],"tags":[],"class_list":["post-5005","post","type-post","status-publish","format-standard","has-post-thumbnail","hentry","category-emprendedores","category-noticias"],"jetpack_featured_media_url":"https:\/\/i0.wp.com\/zpyme.com.ar\/lapampa\/wp-content\/uploads\/2025\/10\/363548_inamumarketing_copy_972x1215.jpg?fit=972%2C1215&ssl=1","jetpack_sharing_enabled":true,"jetpack_likes_enabled":false,"_links":{"self":[{"href":"https:\/\/zpyme.com.ar\/lapampa\/wp-json\/wp\/v2\/posts\/5005","targetHints":{"allow":["GET"]}}],"collection":[{"href":"https:\/\/zpyme.com.ar\/lapampa\/wp-json\/wp\/v2\/posts"}],"about":[{"href":"https:\/\/zpyme.com.ar\/lapampa\/wp-json\/wp\/v2\/types\/post"}],"author":[{"embeddable":true,"href":"https:\/\/zpyme.com.ar\/lapampa\/wp-json\/wp\/v2\/users\/2"}],"replies":[{"embeddable":true,"href":"https:\/\/zpyme.com.ar\/lapampa\/wp-json\/wp\/v2\/comments?post=5005"}],"version-history":[{"count":1,"href":"https:\/\/zpyme.com.ar\/lapampa\/wp-json\/wp\/v2\/posts\/5005\/revisions"}],"predecessor-version":[{"id":5007,"href":"https:\/\/zpyme.com.ar\/lapampa\/wp-json\/wp\/v2\/posts\/5005\/revisions\/5007"}],"wp:featuredmedia":[{"embeddable":true,"href":"https:\/\/zpyme.com.ar\/lapampa\/wp-json\/wp\/v2\/media\/5006"}],"wp:attachment":[{"href":"https:\/\/zpyme.com.ar\/lapampa\/wp-json\/wp\/v2\/media?parent=5005"}],"wp:term":[{"taxonomy":"category","embeddable":true,"href":"https:\/\/zpyme.com.ar\/lapampa\/wp-json\/wp\/v2\/categories?post=5005"},{"taxonomy":"post_tag","embeddable":true,"href":"https:\/\/zpyme.com.ar\/lapampa\/wp-json\/wp\/v2\/tags?post=5005"}],"curies":[{"name":"wp","href":"https:\/\/api.w.org\/{rel}","templated":true}]}}