{"id":4997,"date":"2025-10-23T09:25:07","date_gmt":"2025-10-23T12:25:07","guid":{"rendered":"https:\/\/zpyme.com.ar\/lapampa\/?p=4997"},"modified":"2025-10-23T09:25:07","modified_gmt":"2025-10-23T12:25:07","slug":"reactivan-registro-de-cooperativas-y-mutuales-de-la-pampa","status":"publish","type":"post","link":"https:\/\/zpyme.com.ar\/lapampa\/2025\/10\/23\/reactivan-registro-de-cooperativas-y-mutuales-de-la-pampa\/","title":{"rendered":"Reactivan registro de cooperativas y mutuales de La Pampa"},"content":{"rendered":"<header>\n<blockquote>\n<h4 class=\"nota-detalle-titulo\"><span style=\"color: #ff9900;\"><em><strong><span style=\"font-size: 16px;\">A trav\u00e9s de una resoluci\u00f3n publicada en el Bolet\u00edn Oficial, la Subsecretar\u00eda de Cooperativas y Mutuales del Ministerio de Gobierno y Asuntos Municipales, reactiv\u00f3 el registro de sucursales y filiales de cooperativas y mutuales, tanto las registradas fuera de La Pampa como la del \u00e1mbito provincial.<\/span><\/strong><\/em><\/span><\/h4>\n<\/blockquote>\n<\/header>\n<div class=\"nota-detalle-cuerpo\">Las entidades solidarias tendr\u00e1n desde la fecha de publicaci\u00f3n y por un lapso de 30 d\u00edas, la obligaci\u00f3n de incluirse en el registro, tal como lo dispone una resoluci\u00f3n del Instituto Nacional de Asociativismo y Econom\u00eda Social (INAES).<br \/>\nLa directora de Cooperativas y Mutuales, Carla Urbano, precis\u00f3 a la Agencia Provincial de Noticias que se trata \u201cde una reactivaci\u00f3n del registro que incluye no s\u00f3lo a sucursales y filiales sino a otras figuras como agencias, delegaciones y corresponsal\u00edas\u201d.<br \/>\nLa obligaci\u00f3n de sumarse al registro es para \u201centidades constituidas fuera de nuestra Provincia y que tengan presencia en La Pampa, como as\u00ed tambi\u00e9n a las que est\u00e9n registradas aqu\u00ed\u201d.<br \/>\nPuntualiz\u00f3 que \u201ca partir de ahora el n\u00famero que se asigna en el registro es individual, uno por cada sucursal o filial\u201d y que el objetivo principal \u201ces llevar un control exacto de la cantidad de entidades de la econom\u00eda social est\u00e1n trabajando en el territorio y la importancia que esto tiene desde el punto de vista del desarrollo econ\u00f3mico y social que implica\u201d.<br \/>\nLa disposici\u00f3n del INAES, a la que adhiri\u00f3 La Pampa, incluye un formulario de inscripci\u00f3n obligatorio al que se puede acceder desde el Bolet\u00edn Oficial publicado el 9 de octubre o por los medios de comunicaci\u00f3n de la Subsecretar\u00eda.<br \/>\nLa funcionaria indic\u00f3 finalmente que el listado est\u00e1 desactualizado y esperan informaci\u00f3n del INAES para comenzar a notificar y difundir entre cooperativas y mutuales que funcionan en gran n\u00famero en la Provincia.<\/div>\n<footer>\n<div class=\"row\">\n<div class=\"col-md-12 col-xs-12\"><\/div>\n<\/div>\n<\/footer>\n","protected":false},"excerpt":{"rendered":"<p>A trav\u00e9s de&#8230;<\/p>\n","protected":false},"author":2,"featured_media":4998,"comment_status":"open","ping_status":"open","sticky":false,"template":"","format":"standard","meta":{"_jetpack_memberships_contains_paid_content":false,"footnotes":""},"categories":[35,32],"tags":[],"class_list":["post-4997","post","type-post","status-publish","format-standard","has-post-thumbnail","hentry","category-finanzas","category-noticias"],"jetpack_featured_media_url":"https:\/\/i0.wp.com\/zpyme.com.ar\/lapampa\/wp-content\/uploads\/2025\/10\/271169_whatsapp-image-2025-10-22-at-08.43.22.jpeg?fit=1200%2C1600&ssl=1","jetpack_sharing_enabled":true,"jetpack_likes_enabled":false,"_links":{"self":[{"href":"https:\/\/zpyme.com.ar\/lapampa\/wp-json\/wp\/v2\/posts\/4997","targetHints":{"allow":["GET"]}}],"collection":[{"href":"https:\/\/zpyme.com.ar\/lapampa\/wp-json\/wp\/v2\/posts"}],"about":[{"href":"https:\/\/zpyme.com.ar\/lapampa\/wp-json\/wp\/v2\/types\/post"}],"author":[{"embeddable":true,"href":"https:\/\/zpyme.com.ar\/lapampa\/wp-json\/wp\/v2\/users\/2"}],"replies":[{"embeddable":true,"href":"https:\/\/zpyme.com.ar\/lapampa\/wp-json\/wp\/v2\/comments?post=4997"}],"version-history":[{"count":1,"href":"https:\/\/zpyme.com.ar\/lapampa\/wp-json\/wp\/v2\/posts\/4997\/revisions"}],"predecessor-version":[{"id":4999,"href":"https:\/\/zpyme.com.ar\/lapampa\/wp-json\/wp\/v2\/posts\/4997\/revisions\/4999"}],"wp:featuredmedia":[{"embeddable":true,"href":"https:\/\/zpyme.com.ar\/lapampa\/wp-json\/wp\/v2\/media\/4998"}],"wp:attachment":[{"href":"https:\/\/zpyme.com.ar\/lapampa\/wp-json\/wp\/v2\/media?parent=4997"}],"wp:term":[{"taxonomy":"category","embeddable":true,"href":"https:\/\/zpyme.com.ar\/lapampa\/wp-json\/wp\/v2\/categories?post=4997"},{"taxonomy":"post_tag","embeddable":true,"href":"https:\/\/zpyme.com.ar\/lapampa\/wp-json\/wp\/v2\/tags?post=4997"}],"curies":[{"name":"wp","href":"https:\/\/api.w.org\/{rel}","templated":true}]}}