{"id":4977,"date":"2025-10-17T10:33:14","date_gmt":"2025-10-17T13:33:14","guid":{"rendered":"https:\/\/zpyme.com.ar\/lapampa\/?p=4977"},"modified":"2025-10-17T10:33:14","modified_gmt":"2025-10-17T13:33:14","slug":"llega-mi-banda-interior-concurso-de-rock-nacional-que-impulsa-nuevos-talentos","status":"publish","type":"post","link":"https:\/\/zpyme.com.ar\/lapampa\/2025\/10\/17\/llega-mi-banda-interior-concurso-de-rock-nacional-que-impulsa-nuevos-talentos\/","title":{"rendered":"Llega \u00abMi Banda Interior\u00bb: concurso de rock nacional que impulsa nuevos talentos"},"content":{"rendered":"<header>\n<blockquote>\n<h4 class=\"nota-detalle-titulo\"><span style=\"color: #ff9900;\"><em><strong><span style=\"font-size: 16px;\">El certamen, con el apoyo de la Secretar\u00eda de Cultura de La Pampa, busca descubrir y difundir bandas de rock de las distintas provincias del pa\u00eds, ofreciendo importantes premios y visibilidad en grandes escenarios.<\/span><\/strong><\/em><\/span><\/h4>\n<\/blockquote>\n<\/header>\n<div class=\"nota-detalle-cuerpo\">\n<p>\u00abMi Banda Interior\u00bb\u00a0es un\u00a0concurso de rock\u00a0que funciona como plataforma de descubrimiento y difusi\u00f3n para bandas emergentes de todo el pa\u00eds. Es producido por Teatro Vorterix Mar del Plata en colaboraci\u00f3n con Cervecer\u00eda y Malter\u00eda Quilmes, y cuenta con la producci\u00f3n local de Vorterix Santa Rosa, adem\u00e1s del apoyo de la Secretar\u00eda de Cultura de la Provincia de La Pampa.<\/p>\n<p>El objetivo del certamen es impulsar nuevos talentos, fortalecer la escena musical federal y difundir la m\u00fasica independiente a trav\u00e9s de shows en vivo, streaming y una red de eventos en distintas provincias.<\/p>\n<p><strong>Qui\u00e9nes pueden participar<\/strong><\/p>\n<p>La convocatoria est\u00e1 abierta a\u00a0bandas de rock de la provincia de La Pampa\u00a0que cumplan con los siguientes requisitos:<\/p>\n<ol>\n<li>Tener\u00a0menos de 10 a\u00f1os de creaci\u00f3n.<\/li>\n<li>Ser una\u00a0banda de rock.<\/li>\n<li>Contar con\u00a0material grabado en MP3\/MP4\u00a0para la selecci\u00f3n.<\/li>\n<li>Componer sus propias canciones.<\/li>\n<\/ol>\n<p>Aclaraci\u00f3n\u00a0importante:\u00a0La participaci\u00f3n en el concurso tiene un\u00a0costo de aporte por banda, destinado a cubrir parcialmente gastos de producci\u00f3n, log\u00edstica y premios.<\/p>\n<p><strong>Inscripci\u00f3n y fecha del concurso<\/strong><\/p>\n<ul>\n<li>Inscripci\u00f3n:\u00a0Las bandas interesadas deben completar el formulario disponible en:\u00a0<a id=\"LPlnk405597\" href=\"https:\/\/forms.gle\/YbdNwtSw5mWPb9DH9\" target=\"_blank\" rel=\"noopener noreferrer\">https:\/\/forms.gle\/YbdNwtSw5mWPb9DH9<\/a>\u00a0(tambi\u00e9n accesible desde el link en la Bio de @vorterixsantarosaok en Instagram).\u00a0El formulario no acredita la participaci\u00f3n; la producci\u00f3n se comunicar\u00e1 con las bandas seleccionadas.<\/li>\n<li>En La Pampa\u00a0las presentaciones en vivo para la selecci\u00f3n de finalistas se realizar\u00e1n en el marco de un\u00a0Festival de Rock en el Centro Cultural MEDASUR de Santa Rosa, los d\u00edas 5 y 6 de noviembre\u00a0del corriente a\u00f1o.<\/li>\n<li>Final Nacional:\u00a0La banda ganadora de La Pampa se presentar\u00e1 en la final que tendr\u00e1 lugar en el\u00a0Teatro Vorterix de Mar del Plata, el 14 de diciembre\u00a0de este a\u00f1o.<\/li>\n<\/ul>\n<p><strong>Premios<\/strong><\/p>\n<p>Los premios del concurso \u00abMi Banda Interior\u00bb, de acuerdo a un puntaje recibido ser\u00e1n:<\/p>\n<ul>\n<li>Primer Premio:\u00a0Viaje con\u00a0todo pago\u00a0(pasajes, alojamiento, comida) a la final nacional en el Teatro Vorterix Mar del Plata. Adem\u00e1s, obtendr\u00e1 el material audiovisual de su presentaci\u00f3n.<\/li>\n<li>Segundo Premio: orden de compra por\u00a0$250.000\u00a0(Doscientos cincuenta mil pesos).<\/li>\n<li>Tercer Premio: difusi\u00f3n y publicidad gratuita por un a\u00f1o\u00a0en Vorterix Santa Rosa.<\/li>\n<\/ul>\n<p>Beneficio para todas las bandas participantes:\u00a0Todas las bandas que participen recibir\u00e1n un\u00a0audiovisual de su show\u00a0(tres canciones), editado a tres c\u00e1maras con director de video e ingeniero de sonido e iluminaci\u00f3n.<\/p>\n<p>Premio Mayor (Ganador Nacional en Mar del Plata): la banda que resulte ganadora en la final de Mar del Plata participar\u00e1 en el\u00a0Quilmes Rock 2026, el\u00a0Gesell Rock 2026\u00a0y ser\u00e1\u00a0telonera en el Teatro Vorterix Buenos Aires.<\/p>\n<p lang=\"es-ES\"><strong>Rol del Estado provincial<\/strong><\/p>\n<p>La Secretar\u00eda de Cultura de La Pampa respalda activamente el proyecto \u00abMi Banda Interior\u00bb con el objetivo de garantizar la equidad de oportunidades para los m\u00fasicos de la Provincia.<\/p>\n<p>Esta intervenci\u00f3n estatal es crucial, ya que sin el apoyo p\u00fablico, iniciativas de esta envergadura suelen quedar centralizadas en los grandes centros urbanos. El Estado pampeano busca nivelar el punto de partida, no sustituyendo la inversi\u00f3n privada, sino asegurando que los artistas de todas las localidades de La Pampa tengan acceso a los mismos espacios de visibilidad, circulaci\u00f3n y profesionalizaci\u00f3n que sus pares de las grandes ciudades.<\/p>\n<p>De esta manera,\u00a0garantiza que\u00a0el talento, la dedicaci\u00f3n y el trabajo de los m\u00fasicos no se vean limitados por la distancia geogr\u00e1fica o por barreras de infraestructura t\u00e9cnica, otorgando a las bandas pampeanas condiciones claras y beneficios tangibles.<\/p>\n<\/div>\n<footer>\n<div class=\"row\">\n<div class=\"col-md-12 col-xs-12\"><\/div>\n<\/div>\n<\/footer>\n","protected":false},"excerpt":{"rendered":"<p>El certamen, con&#8230;<\/p>\n","protected":false},"author":2,"featured_media":4978,"comment_status":"open","ping_status":"open","sticky":false,"template":"","format":"standard","meta":{"_jetpack_memberships_contains_paid_content":false,"footnotes":""},"categories":[39,32],"tags":[],"class_list":["post-4977","post","type-post","status-publish","format-standard","has-post-thumbnail","hentry","category-eventos","category-noticias"],"jetpack_featured_media_url":"https:\/\/i0.wp.com\/zpyme.com.ar\/lapampa\/wp-content\/uploads\/2025\/10\/68f2382d06836.jpg?fit=900%2C507&ssl=1","jetpack_sharing_enabled":true,"jetpack_likes_enabled":false,"_links":{"self":[{"href":"https:\/\/zpyme.com.ar\/lapampa\/wp-json\/wp\/v2\/posts\/4977","targetHints":{"allow":["GET"]}}],"collection":[{"href":"https:\/\/zpyme.com.ar\/lapampa\/wp-json\/wp\/v2\/posts"}],"about":[{"href":"https:\/\/zpyme.com.ar\/lapampa\/wp-json\/wp\/v2\/types\/post"}],"author":[{"embeddable":true,"href":"https:\/\/zpyme.com.ar\/lapampa\/wp-json\/wp\/v2\/users\/2"}],"replies":[{"embeddable":true,"href":"https:\/\/zpyme.com.ar\/lapampa\/wp-json\/wp\/v2\/comments?post=4977"}],"version-history":[{"count":1,"href":"https:\/\/zpyme.com.ar\/lapampa\/wp-json\/wp\/v2\/posts\/4977\/revisions"}],"predecessor-version":[{"id":4979,"href":"https:\/\/zpyme.com.ar\/lapampa\/wp-json\/wp\/v2\/posts\/4977\/revisions\/4979"}],"wp:featuredmedia":[{"embeddable":true,"href":"https:\/\/zpyme.com.ar\/lapampa\/wp-json\/wp\/v2\/media\/4978"}],"wp:attachment":[{"href":"https:\/\/zpyme.com.ar\/lapampa\/wp-json\/wp\/v2\/media?parent=4977"}],"wp:term":[{"taxonomy":"category","embeddable":true,"href":"https:\/\/zpyme.com.ar\/lapampa\/wp-json\/wp\/v2\/categories?post=4977"},{"taxonomy":"post_tag","embeddable":true,"href":"https:\/\/zpyme.com.ar\/lapampa\/wp-json\/wp\/v2\/tags?post=4977"}],"curies":[{"name":"wp","href":"https:\/\/api.w.org\/{rel}","templated":true}]}}