{"id":4922,"date":"2025-09-25T09:46:50","date_gmt":"2025-09-25T12:46:50","guid":{"rendered":"https:\/\/zpyme.com.ar\/lapampa\/?p=4922"},"modified":"2025-09-25T09:46:50","modified_gmt":"2025-09-25T12:46:50","slug":"experiencias-ganaderas-que-visibilizan-la-sustentabilidad-del-bosque-pampeano","status":"publish","type":"post","link":"https:\/\/zpyme.com.ar\/lapampa\/2025\/09\/25\/experiencias-ganaderas-que-visibilizan-la-sustentabilidad-del-bosque-pampeano\/","title":{"rendered":"Experiencias ganaderas que visibilizan la sustentabilidad del bosque pampeano"},"content":{"rendered":"<blockquote>\n<h4 style=\"text-align: center;\"><span style=\"color: #ff6600;\"><em><strong>Intervenciones y manejo ganadero en el bosque nativo, es el objetivo de las jornadas a campo que lleva adelante el Ministerio de la Producci\u00f3n, mostrando las experiencias de productores de distintas zonas de la Provincia.<\/strong><\/em><\/span><\/h4>\n<\/blockquote>\n<div class=\"nota-detalle-cuerpo\">\n<p>El Ministerio de la Producci\u00f3n a trav\u00e9s de la Direcci\u00f3n General de Recursos Naturales implementa planes de manejo con objetivos de sustentabilidad y producci\u00f3n, para el aprovechamiento de los recursos que el bosque brinda, centr\u00e1ndose principalmente en el recurso ganadero.\u00a0Para llevar adelante la difusi\u00f3n y demostraci\u00f3n de esta pol\u00edtica se concret\u00f3 una Jornada Ganadera en la localidad de La Maruja, en el establecimiento La Alcanc\u00eda, propiedad de la familia Cao, oportunidad en la que adem\u00e1s de la recorrida a campo, se brind\u00f3 una charla por parte de los propietarios quienes comentaron acerca de los trabajos realizados en cuanto a la ganader\u00eda intensiva en el caldenal pampeano.<br \/>\nEstuvo a cargo de Albino Cao, Pedro Cao y. Estela Rodr\u00edguez.\u00a0Por otra parte Horacio Illuminati, representante de la Asociaci\u00f3n Gremial Agropecuaria de Ingeniero Luiggi, se refiri\u00f3 a la implementaci\u00f3n de pr\u00e1cticas en bosques nativos para el aumento de eficiencia en rodeos de cr\u00eda.<br \/>\nPresente la ministra de la Producci\u00f3n, Fernanda Gonz\u00e1lez, destac\u00f3 a la Agencia Provincial de Noticias la posibilidad de concretar estos encuentros \u201cgracias a la sinergia entre el sector p\u00fablico y el sector privado\u201d. Tambi\u00e9n se\u00f1al\u00f3 que \u201cestamos muy contentos de que gente joven, profesional, desde las instituciones est\u00e9n hablando de producci\u00f3n, ac\u00e1 hablamos de c\u00f3mo podemos producir, de c\u00f3mo podemos mejorar las condiciones del bosque, es el tema en com\u00fan que tenemos todos\u201d.\u00a0Respecto de la familia Cao coment\u00f3 que \u201chace tiempo est\u00e1 vinculada a Recursos Naturales porque comenzaron con programas de picadas, despu\u00e9s con un plan de manejo y esa experiencia es la que queremos mostrar\u201d. Adem\u00e1s agreg\u00f3 que \u201cla Ley nacional de Bosques nos permite hacer eso, ver c\u00f3mo en cada ambiente se puede mejorar su producci\u00f3n con intervenciones adecuadas\u201d.<br \/>\nEn tanto el director de Recursos Naturales, Carlos Bonnemez\u00f3n, manifest\u00f3 que si bien queda mucho por hacer todav\u00eda \u201cnosotros pensamos que al bosque tenemos que trabajarlo desde adentro, aprovechar todos los recursos que sean posibles, pero siempre pensando en la sustentabilidad y sobre todo con la ganader\u00eda adentro\u201d.\u00a0El intendente, Gustavo Cein, manifest\u00f3 que \u201ces importante hablar de producci\u00f3n lo que sostiene a los pueblos, porque genera empleo, arraigo y sobre todo en esta regi\u00f3n de bosque que podamos mostrar esta experiencia\u201d.\u00a0Desde la AGA, la presidenta\u00a0 Florencia Fritz, expres\u00f3 que \u201ctratamos de apoyar este tipo de pr\u00e1cticas y sobre todo buscamos profesionalizar estas actividades, por eso agradecidos de participar\u201d.\u00a0Estuvo presente tambi\u00e9n el director de Ganader\u00eda, Marcelo Lluch, adem\u00e1s de gran parte del equipo t\u00e9cnico del Ministerio.<\/p>\n<p><b>Anfitriones<\/b><br \/>\nPor su parte, Albino Cao, sintetiz\u00f3 respecto de los trabajos llevados adelante desde el 2022 que se trat\u00f3 de tareas en el bosque nativo, \u201cquemas prescriptas, raleos mec\u00e1nicos con topadora y viendo c\u00f3mo se intensifica la actividad ganadera de manera de poder generar m\u00e1s kilos de carne por hect\u00e1rea y tambi\u00e9n la producci\u00f3n del bosque\u201d, estas pr\u00e1cticas seg\u00fan agreg\u00f3 \u201cimplican incorporar tecnolog\u00edas de manejo, aguadas, todo lo que lleva a una mayor eficiencia\u201d.\u00a0Finalmente agradeci\u00f3 al Ministerio de la Producci\u00f3n ya que \u201cdesde Recursos Naturales nos dieron asistencia para realizar planes de manejo anuales, para llevar adelante estas intervenciones\u201d, con lo cual, manifest\u00f3 Cao, \u201cfue una buena integraci\u00f3n privada y p\u00fablica\u201d.<br \/>\nHoracio Illuminati, expositor de la jornada coment\u00f3 que se bas\u00f3 \u201cen la experiencia de tantos a\u00f1os en la zona, trabajando en el bosque con errores y aciertos, y fue una oportunidad para intercambiar con los productores que creo que es lo m\u00e1s importante, la experiencia de cada uno\u201d. La charla b\u00e1sicamente fue sobre \u201cc\u00f3mo poder utilizar los bosques con invernadas, mostrar que se puede, a pesar de que dependemos de muchas pol\u00edticas externas, pero nos basamos en lo t\u00e9cnico\u201d.<\/p>\n<\/div>\n","protected":false},"excerpt":{"rendered":"<p>Intervenciones y manejo&#8230;<\/p>\n","protected":false},"author":2,"featured_media":4923,"comment_status":"open","ping_status":"open","sticky":false,"template":"","format":"standard","meta":{"_jetpack_memberships_contains_paid_content":false,"footnotes":""},"categories":[38,32],"tags":[],"class_list":["post-4922","post","type-post","status-publish","format-standard","has-post-thumbnail","hentry","category-agro","category-noticias"],"jetpack_featured_media_url":"https:\/\/i0.wp.com\/zpyme.com.ar\/lapampa\/wp-content\/uploads\/2025\/09\/68d41e616c28a.jpg?fit=900%2C507&ssl=1","jetpack_sharing_enabled":true,"jetpack_likes_enabled":false,"_links":{"self":[{"href":"https:\/\/zpyme.com.ar\/lapampa\/wp-json\/wp\/v2\/posts\/4922","targetHints":{"allow":["GET"]}}],"collection":[{"href":"https:\/\/zpyme.com.ar\/lapampa\/wp-json\/wp\/v2\/posts"}],"about":[{"href":"https:\/\/zpyme.com.ar\/lapampa\/wp-json\/wp\/v2\/types\/post"}],"author":[{"embeddable":true,"href":"https:\/\/zpyme.com.ar\/lapampa\/wp-json\/wp\/v2\/users\/2"}],"replies":[{"embeddable":true,"href":"https:\/\/zpyme.com.ar\/lapampa\/wp-json\/wp\/v2\/comments?post=4922"}],"version-history":[{"count":1,"href":"https:\/\/zpyme.com.ar\/lapampa\/wp-json\/wp\/v2\/posts\/4922\/revisions"}],"predecessor-version":[{"id":4924,"href":"https:\/\/zpyme.com.ar\/lapampa\/wp-json\/wp\/v2\/posts\/4922\/revisions\/4924"}],"wp:featuredmedia":[{"embeddable":true,"href":"https:\/\/zpyme.com.ar\/lapampa\/wp-json\/wp\/v2\/media\/4923"}],"wp:attachment":[{"href":"https:\/\/zpyme.com.ar\/lapampa\/wp-json\/wp\/v2\/media?parent=4922"}],"wp:term":[{"taxonomy":"category","embeddable":true,"href":"https:\/\/zpyme.com.ar\/lapampa\/wp-json\/wp\/v2\/categories?post=4922"},{"taxonomy":"post_tag","embeddable":true,"href":"https:\/\/zpyme.com.ar\/lapampa\/wp-json\/wp\/v2\/tags?post=4922"}],"curies":[{"name":"wp","href":"https:\/\/api.w.org\/{rel}","templated":true}]}}