{"id":4555,"date":"2025-05-28T09:25:38","date_gmt":"2025-05-28T12:25:38","guid":{"rendered":"https:\/\/zpyme.com.ar\/lapampa\/?p=4555"},"modified":"2025-05-28T09:25:38","modified_gmt":"2025-05-28T12:25:38","slug":"se-puso-en-marcha-el-programa-desafio-exportador-pampeano","status":"publish","type":"post","link":"https:\/\/zpyme.com.ar\/lapampa\/2025\/05\/28\/se-puso-en-marcha-el-programa-desafio-exportador-pampeano\/","title":{"rendered":"Se puso en marcha el Programa Desaf\u00edo Exportador Pampeano"},"content":{"rendered":"<header>\n<blockquote>\n<h4 class=\"nota-detalle-titulo\"><span style=\"color: #ff9900;\"><em><strong><span style=\"font-size: 16px;\">Comenz\u00f3 a desarrollarse el Programa Desaf\u00edo Exportador Pampeano, una iniciativa impulsada por el Gobierno de La Pampa a trav\u00e9s de la Agencia I-COMEX con el acompa\u00f1amiento del CFI, que tiene como objetivo acompa\u00f1ar a empresas locales en el camino hacia su primera exportaci\u00f3n.<\/span><\/strong><\/em><\/span><\/h4>\n<\/blockquote>\n<\/header>\n<div class=\"nota-detalle-cuerpo\">Seis PyMEs pampeanas fueron seleccionadas para participar en esta edici\u00f3n, y ser\u00e1n asistidas por el equipo t\u00e9cnico de la Agencia junto a tres consultoras y consultores pampeanos. Esta acci\u00f3n representa una apuesta concreta por fortalecer el perfil exportador de la Provincia.\u00a0Desaf\u00edo Exportador Pampeano es una adaptaci\u00f3n del programa nacional que, por falta de financiamiento, fue discontinuado. Ante esa situaci\u00f3n, el Gobierno provincial tom\u00f3 la decisi\u00f3n de sostenerlo con fondos propios, priorizando la continuidad del trabajo iniciado con empresas que muestran potencial para salir al mundo. Se basa en una estrategia de asesoramiento personalizado, donde cada empresa recibe asistencia para desarrollar o fortalecer su oferta exportable.<br \/>\nEl programa forma parte del paquete de herramientas dispuestas por el gobernador Sergio Ziliotto para impulsar las exportaciones pampeanas, con el objetivo de que m\u00e1s PyMEs de la Provincia accedan a oportunidades en mercados internacionales.\u00a0Exportar no solo posiciona a las empresas a otro nivel, sino que tambi\u00e9n consolida a La Pampa como una Provincia productiva con potencial competitivo en el mundo.\u00a0La Agencia I-COMEX es la encargada de coordinar su implementaci\u00f3n, articulando entre empresas y profesionales para garantizar un acompa\u00f1amiento personalizado y eficiente.\u00a0Empresas como SocialMove y Apex, que participaron en ediciones anteriores, lograron dar el salto y concretar sus primeras exportaciones. Estos casos reafirman la efectividad del programa y la importancia de sostenerlo en el tiempo como una herramienta concreta para abrir nuevos mercados.<br \/>\nCon esta pol\u00edtica, el Gobierno provincial reafirma su compromiso de seguir acompa\u00f1ando a las PyMEs en su desarrollo.\u00a0Poner en marcha programas como Desaf\u00edo Exportador Pampeano implica un esfuerzo directo para que m\u00e1s empresas puedan proyectarse fuera de la Provincia\u00a0 consoliden su crecimiento con una mirada global.<\/div>\n","protected":false},"excerpt":{"rendered":"<p>Comenz\u00f3 a desarrollarse&#8230;<\/p>\n","protected":false},"author":2,"featured_media":4556,"comment_status":"open","ping_status":"open","sticky":false,"template":"","format":"standard","meta":{"_jetpack_memberships_contains_paid_content":false,"footnotes":""},"categories":[36,32],"tags":[],"class_list":["post-4555","post","type-post","status-publish","format-standard","has-post-thumbnail","hentry","category-empresas","category-noticias"],"jetpack_featured_media_url":"https:\/\/i0.wp.com\/zpyme.com.ar\/lapampa\/wp-content\/uploads\/2025\/05\/6836217e4a1c6.jpg?fit=1280%2C964&ssl=1","jetpack_sharing_enabled":true,"jetpack_likes_enabled":false,"_links":{"self":[{"href":"https:\/\/zpyme.com.ar\/lapampa\/wp-json\/wp\/v2\/posts\/4555","targetHints":{"allow":["GET"]}}],"collection":[{"href":"https:\/\/zpyme.com.ar\/lapampa\/wp-json\/wp\/v2\/posts"}],"about":[{"href":"https:\/\/zpyme.com.ar\/lapampa\/wp-json\/wp\/v2\/types\/post"}],"author":[{"embeddable":true,"href":"https:\/\/zpyme.com.ar\/lapampa\/wp-json\/wp\/v2\/users\/2"}],"replies":[{"embeddable":true,"href":"https:\/\/zpyme.com.ar\/lapampa\/wp-json\/wp\/v2\/comments?post=4555"}],"version-history":[{"count":1,"href":"https:\/\/zpyme.com.ar\/lapampa\/wp-json\/wp\/v2\/posts\/4555\/revisions"}],"predecessor-version":[{"id":4557,"href":"https:\/\/zpyme.com.ar\/lapampa\/wp-json\/wp\/v2\/posts\/4555\/revisions\/4557"}],"wp:featuredmedia":[{"embeddable":true,"href":"https:\/\/zpyme.com.ar\/lapampa\/wp-json\/wp\/v2\/media\/4556"}],"wp:attachment":[{"href":"https:\/\/zpyme.com.ar\/lapampa\/wp-json\/wp\/v2\/media?parent=4555"}],"wp:term":[{"taxonomy":"category","embeddable":true,"href":"https:\/\/zpyme.com.ar\/lapampa\/wp-json\/wp\/v2\/categories?post=4555"},{"taxonomy":"post_tag","embeddable":true,"href":"https:\/\/zpyme.com.ar\/lapampa\/wp-json\/wp\/v2\/tags?post=4555"}],"curies":[{"name":"wp","href":"https:\/\/api.w.org\/{rel}","templated":true}]}}