{"id":4454,"date":"2025-03-31T08:28:38","date_gmt":"2025-03-31T11:28:38","guid":{"rendered":"https:\/\/zpyme.com.ar\/lapampa\/?p=4454"},"modified":"2025-03-31T08:28:38","modified_gmt":"2025-03-31T11:28:38","slug":"avanza-el-armado-y-desarrollo-comercial-de-la-decima-edicion-de-expo-pymes","status":"publish","type":"post","link":"https:\/\/zpyme.com.ar\/lapampa\/2025\/03\/31\/avanza-el-armado-y-desarrollo-comercial-de-la-decima-edicion-de-expo-pymes\/","title":{"rendered":"Avanza el armado y desarrollo comercial de la D\u00e9cima Edici\u00f3n de Expo PyMEs"},"content":{"rendered":"<header>\n<blockquote>\n<h4 class=\"nota-detalle-titulo\"><span style=\"color: #ff9900;\"><em><strong><span style=\"font-size: 16px;\">11, 12 y 13 de abril en el Aut\u00f3dromo Provincia de La Pampa tendr\u00e1 lugar la megamuestra con una presencia estimada, al momento, en los 500 expositores. Tiene alcance provincial y proyecci\u00f3n nacional e internacional que habilitar\u00e1 diversas presentaciones y rondas de negocios.<\/span><\/strong><\/em><\/span><\/h4>\n<\/blockquote>\n<\/header>\n<div class=\"nota-detalle-cuerpo\">\n<p>Nicol\u00f3 Cavallaro, director de Planificaci\u00f3n y Competitividad del Ministerio de la Producci\u00f3n, inform\u00f3 a la Agencia Provincial de Noticias, que se encuentra en pleno proceso de avance el armado y diagrama comercial de la D\u00e9cima Edici\u00f3n de la Expo PyMEs. \u201cNos encontramos avanzando con un tema no menor como es la infraestructura de la Expo, llevamos un 70% de avances con lo que es carpas, y un 100% ya instalado en lo que refiere a las estructuras met\u00e1licas como p\u00f3rticos y torres de iluminaci\u00f3n. Si nos acompa\u00f1a el clima vamos a llegar con buen margen de tiempo a cumplir el armado de la infraestructura del evento, algo que siempre nos preocupa\u201d, indic\u00f3.<br \/>\nRespecto a la din\u00e1mica de Expo PyMEs, manifest\u00f3 que \u201cya estamos cerrando y definiendo las rondas de negocios en los auditorios del stand institucional, lo que van a ser los shows musicales y tenemos confirmados en forma directa, las presentaciones de 415 expositores a los largo de los 10 sectores que se encontrar\u00e1n en la 10\u00b0 Edici\u00f3n de la Expo PyMEs. A esto le deber\u00edamos sumar lo que son espacios gastron\u00f3micos que ser\u00e1n unos 26 aproximadamente. Adem\u00e1s, se est\u00e1 trabajando en conjunto con ocho instituciones que son las que organizan en la tem\u00e1tica empresarial\u201d.<br \/>\nSobre los v\u00ednculos comerciales como eje de esta D\u00e9cima Edici\u00f3n de Expo PyMEs, el funcionario destac\u00f3 que \u201cvamos a tener 21 compradores de otras provincias participando de las rondas de negocios y la presencia de 7 importadores de otros pa\u00edses en rondas de negocios internacionales. Sumando todo el paquete de negocios y expositores son aproximadamente 485 participantes. Tendremos a la Provincia en 63 localidades representadas cumpliendo con todas las condiciones dispuestas para estar presentes en la Expo PyMEs\u00bb.<br \/>\nEl funcionario\u00a0destac\u00f3 el desarrollo de la Expo PyMEs en un contexto complejo para el sector comercial en general. \u201cCuando se anunci\u00f3 el lanzamiento de esta edici\u00f3n de la Expo, personalmente me encargu\u00e9 de agradecerle al gobernador, Sergio Ziliotto, de haber tomado la decisi\u00f3n de realizarla a\u00fan en este contexto adverso. Esta megamuetra es lo que refleja la realidad productiva de la Provincia. Por otro lado da cuenta de cu\u00e1l es la visi\u00f3n de desarrollo que tiene la Provincia al agregado de valor y diversificaci\u00f3n de la matriz productiva, como as\u00ed tambi\u00e9n el desarrollo equilibrado de la econom\u00eda provincial\u201d, concluy\u00f3.<\/p>\n<\/div>\n","protected":false},"excerpt":{"rendered":"<p>11, 12 y&#8230;<\/p>\n","protected":false},"author":2,"featured_media":0,"comment_status":"open","ping_status":"open","sticky":false,"template":"","format":"standard","meta":{"_jetpack_memberships_contains_paid_content":false,"footnotes":""},"categories":[39,32],"tags":[],"class_list":["post-4454","post","type-post","status-publish","format-standard","hentry","category-eventos","category-noticias"],"jetpack_featured_media_url":"","jetpack_sharing_enabled":true,"jetpack_likes_enabled":false,"_links":{"self":[{"href":"https:\/\/zpyme.com.ar\/lapampa\/wp-json\/wp\/v2\/posts\/4454","targetHints":{"allow":["GET"]}}],"collection":[{"href":"https:\/\/zpyme.com.ar\/lapampa\/wp-json\/wp\/v2\/posts"}],"about":[{"href":"https:\/\/zpyme.com.ar\/lapampa\/wp-json\/wp\/v2\/types\/post"}],"author":[{"embeddable":true,"href":"https:\/\/zpyme.com.ar\/lapampa\/wp-json\/wp\/v2\/users\/2"}],"replies":[{"embeddable":true,"href":"https:\/\/zpyme.com.ar\/lapampa\/wp-json\/wp\/v2\/comments?post=4454"}],"version-history":[{"count":1,"href":"https:\/\/zpyme.com.ar\/lapampa\/wp-json\/wp\/v2\/posts\/4454\/revisions"}],"predecessor-version":[{"id":4456,"href":"https:\/\/zpyme.com.ar\/lapampa\/wp-json\/wp\/v2\/posts\/4454\/revisions\/4456"}],"wp:attachment":[{"href":"https:\/\/zpyme.com.ar\/lapampa\/wp-json\/wp\/v2\/media?parent=4454"}],"wp:term":[{"taxonomy":"category","embeddable":true,"href":"https:\/\/zpyme.com.ar\/lapampa\/wp-json\/wp\/v2\/categories?post=4454"},{"taxonomy":"post_tag","embeddable":true,"href":"https:\/\/zpyme.com.ar\/lapampa\/wp-json\/wp\/v2\/tags?post=4454"}],"curies":[{"name":"wp","href":"https:\/\/api.w.org\/{rel}","templated":true}]}}