{"id":4308,"date":"2024-12-30T08:24:09","date_gmt":"2024-12-30T11:24:09","guid":{"rendered":"https:\/\/zpyme.com.ar\/lapampa\/?p=4308"},"modified":"2024-12-30T08:24:09","modified_gmt":"2024-12-30T11:24:09","slug":"anuario-2024-trabajo-pese-al-dano-generado-por-las-politicas-de-nacion-la-pampa-tiene-un-panorama-alentador","status":"publish","type":"post","link":"https:\/\/zpyme.com.ar\/lapampa\/2024\/12\/30\/anuario-2024-trabajo-pese-al-dano-generado-por-las-politicas-de-nacion-la-pampa-tiene-un-panorama-alentador\/","title":{"rendered":"ANUARIO 2024\/TRABAJO: pese al da\u00f1o generado por las pol\u00edticas de Naci\u00f3n, La Pampa tiene un panorama \u00abalentador\u00bb"},"content":{"rendered":"<header>\n<blockquote>\n<h4 class=\"nota-detalle-titulo\"><span style=\"color: #ff9900;\"><em><strong><span style=\"font-size: 16px;\">El secretario de Trabajo y Promoci\u00f3n del Empleo, Marcelo Pedehonta\u00e1, remarc\u00f3 que sostener las fuentes de empleo es uno de los pilares de la gesti\u00f3n del Gobernador, Sergio Ziliotto.<\/span><\/strong><\/em><\/span><\/h4>\n<\/blockquote>\n<\/header>\n<div class=\"nota-detalle-cuerpo\">Llega a su fin un a\u00f1o en el que por las pol\u00edticas implementadas por el Gobierno nacional se han perdido fuentes de empleo y el salario de los trabajadores vio sensiblemente menguado su poder adquisitivo. En este marco, al secretario de Trabajo y Promoci\u00f3n del Empleo, Marcelo Pedehonta\u00e1, le toc\u00f3 ponerse al frente de negociaciones para conservar las fuentes de trabajo e implementar pol\u00edticas acordes a un momento tan complicado.<br \/>\n\u201cEl informe del INDEC del \u00faltimo trimestre muestra a las claras que este modelo que impulsa el Gobierno nacional genera la destrucci\u00f3n del mundo del trabajo\u201d, asegur\u00f3 Pedehonta\u00e1 a la Agencia Provincial de Noticias. As\u00ed como traza un panorama del estado de situaci\u00f3n sin medias tintas, el funcionario tambi\u00e9n brinda un mensaje positivo para los pampeanos y las pampeanas de cara al 2025. \u201cSoy absolutamente optimista porque creo en la capacidad de di\u00e1logo m\u00e1s all\u00e1 de los colores pol\u00edticos. Tenemos por delante un desaf\u00edo muy importante y conf\u00edo en que todos estaremos a la altura de las circunstancias\u201d, se\u00f1al\u00f3.<br \/>\nA modo de rese\u00f1a de lo que fue este 2024 que se extingue, el titular de Trabajo indic\u00f3: \u201cHemos tenido la tormenta perfecta generada por Naci\u00f3n, porque se elimin\u00f3 la obra p\u00fablica (generador de empleo directo e indirecto), se perjudic\u00f3 ostensiblemente a la industria nacional y hubo un tremendo impacto negativo en el sector de servicios\u201d.<br \/>\n\u201cEl informe del INDEC es terminante. Vamos a la destrucci\u00f3n del mundo laboral tal cual lo conocemos. La crisis de ingresos de los trabajadores y las transferencias de sus recursos a las 6 o 7 empresas m\u00e1s importantes es fabulosa. El desempleo crece 0,2 a favor de una destrucci\u00f3n masiva de la formalidad, porque aumenta el empleo no registrado\u201d, sintetiz\u00f3 el funcionario.<br \/>\nEn su balance del a\u00f1o, Pedehonta\u00e1 valor\u00f3 las pol\u00edticas del Gobernador Sergio Ziliotto. \u201cLlegamos a fin de a\u00f1o con una perspectiva alentadora en la Provincia, gracias a la mesa de di\u00e1logo y a la impronta que le dio el Gobernador Ziliotto a la gesti\u00f3n, poni\u00e9ndose al frente de la defensa de los derechos y las garant\u00edas de los trabajadores. El mandato que tengo en la Secretar\u00eda es el de esforzarnos a\u00fan m\u00e1s en las discusiones que se vienen con los gremios estatales\u201d.<br \/>\nEn cuanto a la actividad privada, el secretario apunt\u00f3: \u201cEstamos entrando de lleno en la conflictividad. Se han perdido numerosos puestos de trabajo y derechos. Quienes estaban con jornada laboral completa hoy aceptan que se los blanquee medio d\u00eda con tal de no perder la fuente de empleo. Hoy en d\u00eda el trabajo de la Direcci\u00f3n General de Inspecciones tiene que estar enfocado en ver c\u00f3mo apoyamos y colaboramos para que no se destruyan masivamente los puestos de trabajo sin negociar las condiciones de seguridad e higiene\u201d.<br \/>\nRespecto de las principales pol\u00edticas que puso en pr\u00e1ctica su Secretar\u00eda, Pedehonta\u00e1 destac\u00f3 que \u201cnos esforzamos para generar consenso y di\u00e1logo con las c\u00e1maras y los gremios para evitar que las consecuencias negativas del modelo nacional tuvieron a\u00fan mayor impacto negativo. Desde el 2020 al 2023 en La Pampa se hab\u00edan creado unos 6.000 puestos de trabajo en blanco y en el transcurso de este a\u00f1o la mitad han desaparecido o han perdido vigor en la formalidad. La pol\u00edtica fundamental fue acompa\u00f1ar el fortalecimiento del recurso humano, tanto del que est\u00e1 empleado como del que lo est\u00e1 buscando. Quiero agradecer a todo mi equipo porque entendi\u00f3 el rol que nos toca jugar\u201d.<br \/>\nOtro punto importante en el que hizo hincapi\u00e9 el secretario est\u00e1 relacionado con las fortalezas hist\u00f3ricas de la Provincia. \u201cLa Pampa siempre tuvo mecanismos para amortiguar las crisis. Esta vez sufrimos el apoderamiento ileg\u00edtimo de recursos provinciales por parte del Gobierno nacional, que no tiene en cuenta que en La Pampa no tenemos d\u00e9ficit fiscal y que salud, educaci\u00f3n, trabajo y vivienda son pilares hist\u00f3ricos de nuestra gesti\u00f3n desde 1983 a la fecha. No vamos a negociar esos pilares ahora, a pesar de la crisis\u201d.<br \/>\n\u201cQuieren que el industrial nacional compita con marcas internacionales que tienen otra realidad y otro peso impositivo. Esto ya sabemos a d\u00f3nde nos lleva. Creo que el 90 o 95% del empleador provincial no tiene en su cabeza al trabajador como variable de ajuste. Eso siempre lo destaco, porque es important\u00edsimo. Generar un recurso humano calificado a la industria provincial le significa una inversi\u00f3n muy grande. Para el industrial no es f\u00e1cil recuperarlo\u201d, detall\u00f3 Pedehonta\u00e1.<br \/>\nEn cuanto al panorama a futuro que avizora, el funcionario sentenci\u00f3, \u201ccreo que ni siquiera vimos el 10% de la crisis que se viene para las Peque\u00f1as y Medianas Empresas (PyMEs) por las pol\u00edticas del presidente Milei. Hay un industricidio muy marcado, superior al que gener\u00f3 Macri con sus pol\u00edticas. Hoy no hay trabajo, no hay actividad y los que tienen trabajo no gozan de un poder adquisitivo para acceder a una vida digna. Cuando baje la espuma en el pa\u00eds van a quedar heridas que llevar\u00e1n mucho tiempo para cicatrizar. Estamos hablando de 12.500 o 13 mil PyMEs que han cerrado. Todo eso impacta en el PBI, en el consumo interno, en el trabajo\u201d.<br \/>\nM\u00e1s adelante, Pedehonta\u00e1 puso de manifiesto una cruel paradoja que se observa actualmente, \u00ablos mismos que hoy se oponen a la moratoria para que los trabajadores puedan acceder a una jubilaci\u00f3n son los que generaron el problema porque impularon el trabajo en negro y no hicieron los aportes\u00bb.<\/div>\n","protected":false},"excerpt":{"rendered":"<p>El secretario de&#8230;<\/p>\n","protected":false},"author":2,"featured_media":4309,"comment_status":"open","ping_status":"open","sticky":false,"template":"","format":"standard","meta":{"_jetpack_memberships_contains_paid_content":false,"footnotes":""},"categories":[36,32],"tags":[],"class_list":["post-4308","post","type-post","status-publish","format-standard","has-post-thumbnail","hentry","category-empresas","category-noticias"],"jetpack_featured_media_url":"https:\/\/i0.wp.com\/zpyme.com.ar\/lapampa\/wp-content\/uploads\/2024\/12\/1561993__dsc9490-scaled.jpg?fit=2560%2C1709&ssl=1","jetpack_sharing_enabled":true,"jetpack_likes_enabled":false,"_links":{"self":[{"href":"https:\/\/zpyme.com.ar\/lapampa\/wp-json\/wp\/v2\/posts\/4308","targetHints":{"allow":["GET"]}}],"collection":[{"href":"https:\/\/zpyme.com.ar\/lapampa\/wp-json\/wp\/v2\/posts"}],"about":[{"href":"https:\/\/zpyme.com.ar\/lapampa\/wp-json\/wp\/v2\/types\/post"}],"author":[{"embeddable":true,"href":"https:\/\/zpyme.com.ar\/lapampa\/wp-json\/wp\/v2\/users\/2"}],"replies":[{"embeddable":true,"href":"https:\/\/zpyme.com.ar\/lapampa\/wp-json\/wp\/v2\/comments?post=4308"}],"version-history":[{"count":1,"href":"https:\/\/zpyme.com.ar\/lapampa\/wp-json\/wp\/v2\/posts\/4308\/revisions"}],"predecessor-version":[{"id":4310,"href":"https:\/\/zpyme.com.ar\/lapampa\/wp-json\/wp\/v2\/posts\/4308\/revisions\/4310"}],"wp:featuredmedia":[{"embeddable":true,"href":"https:\/\/zpyme.com.ar\/lapampa\/wp-json\/wp\/v2\/media\/4309"}],"wp:attachment":[{"href":"https:\/\/zpyme.com.ar\/lapampa\/wp-json\/wp\/v2\/media?parent=4308"}],"wp:term":[{"taxonomy":"category","embeddable":true,"href":"https:\/\/zpyme.com.ar\/lapampa\/wp-json\/wp\/v2\/categories?post=4308"},{"taxonomy":"post_tag","embeddable":true,"href":"https:\/\/zpyme.com.ar\/lapampa\/wp-json\/wp\/v2\/tags?post=4308"}],"curies":[{"name":"wp","href":"https:\/\/api.w.org\/{rel}","templated":true}]}}