{"id":4276,"date":"2024-12-16T12:55:00","date_gmt":"2024-12-16T15:55:00","guid":{"rendered":"https:\/\/zpyme.com.ar\/lapampa\/?p=4276"},"modified":"2024-12-16T12:55:00","modified_gmt":"2024-12-16T15:55:00","slug":"gobierno-llamo-a-licitacion-para-refaccionar-y-ampliar-el-centro-de-salud-de-casa-de-piedra","status":"publish","type":"post","link":"https:\/\/zpyme.com.ar\/lapampa\/2024\/12\/16\/gobierno-llamo-a-licitacion-para-refaccionar-y-ampliar-el-centro-de-salud-de-casa-de-piedra\/","title":{"rendered":"Gobierno llam\u00f3 a licitaci\u00f3n para refaccionar y ampliar el Centro de Salud de Casa de Piedra"},"content":{"rendered":"<header>\n<blockquote>\n<h4 class=\"nota-detalle-titulo\"><span style=\"color: #ff9900;\"><em><strong><span style=\"font-size: 16px;\">Con el objetivo de fortalecer el servicio de salud se har\u00e1 una refacci\u00f3n y ampliaci\u00f3n del centro sanitario. El presupuesto supera los 500 millones de pesos y el plazo de ejecuci\u00f3n es de 360 d\u00edas.<\/span><\/strong><\/em><\/span><\/h4>\n<\/blockquote>\n<\/header>\n<div class=\"nota-detalle-cuerpo\">El pr\u00f3ximo 27 de diciembre a las 10, por decreto del gobernador Sergio Ziliotto, se agend\u00f3 la licitaci\u00f3n p\u00fablica en Villa Casa de Piedra para la obra de \u201crefacci\u00f3n y ampliaci\u00f3n del edificio donde funcionar\u00e1 el nuevo centro de salud\u00bb.<br \/>\nLa decisi\u00f3n va en l\u00ednea con la planificaci\u00f3n del polo productivo creado por el Gobierno provincial, donde las inversiones estatales y los capitales privados convergen para el crecimiento de la producci\u00f3n, el desarrollo de la regi\u00f3n y el bienestar de sus habitantes.<br \/>\nEl edificio destinado a prestar servicios como Centro de Salud en la actualidad qued\u00f3 alejado de las ambiciosas proyecciones que el Gobierno pampeano proyecta para Villa Casa de Piedra, el pueblo m\u00e1s joven de la Provincia, por tal circunstancia se prev\u00e9 la refacci\u00f3n y ampliaci\u00f3n del antiguo albergue para convertirlo en nuevo establecimiento sanitario.<\/p>\n<p><strong>En l\u00ednea<\/strong><br \/>\nEl proyecto va en concordancia con las actividades que se desarrollan en el lugar, que est\u00e1n en estrecha relaci\u00f3n el protagonismo que tendr\u00e1 la Bodega Boutique; la ampliaci\u00f3n de la zona bajo riego con las dos tomas de impulsi\u00f3n; el desarrollo tur\u00edstico y la expansi\u00f3n poblacional, entre otras.<br \/>\nEl proyecto edilicio de remodelaci\u00f3n contempla ajustar la distribuci\u00f3n de los espacios a los requerimientos del Ministerio de Salud, por lo cual el antiguo albergue se intervendr\u00e1 de manera integral, tanto en lo arquitect\u00f3nico como en lo referente a los sistemas el\u00e9ctricos, de gas, agua y cloacas, para ajustarse a los requerimientos del nuevo proyecto.<br \/>\nEl nuevo edificio contar\u00e1 con una superficie cubierta de 303 metros cuadrados, y constar\u00e1 de un hall de acceso, salas de espera, vacunatorio, farmacia, enfermer\u00eda, sala de observaci\u00f3n, consultorios m\u00e9dicos, consultorio odontol\u00f3gico, office para personal, ba\u00f1os (para personal, consultorios, p\u00fablico y accesible), dep\u00f3sitos para residuos de distinta clase y estacionamiento semicubierto para ambulancia.<br \/>\nEl presupuesto oficial al mes de noviembre es de $ 516.300.599 y el plazo de ejecuci\u00f3n consta de 360 d\u00edas. El llamado invita a todas las constructoras pampeanas a participar de la licitaci\u00f3n p\u00fablica de esta obra, por ser ellas una fuente generadora de empleo que incentivan la econom\u00eda de los obreros de la construcci\u00f3n y comercios afines.<\/p>\n<\/div>\n","protected":false},"excerpt":{"rendered":"<p>Con el objetivo&#8230;<\/p>\n","protected":false},"author":2,"featured_media":4277,"comment_status":"open","ping_status":"open","sticky":false,"template":"","format":"standard","meta":{"_jetpack_memberships_contains_paid_content":false,"footnotes":""},"categories":[36,32],"tags":[],"class_list":["post-4276","post","type-post","status-publish","format-standard","has-post-thumbnail","hentry","category-empresas","category-noticias"],"jetpack_featured_media_url":"https:\/\/i0.wp.com\/zpyme.com.ar\/lapampa\/wp-content\/uploads\/2024\/12\/1042678_cortes-vistas_page-0001-1.jpg?fit=2481%2C1755&ssl=1","jetpack_sharing_enabled":true,"jetpack_likes_enabled":false,"_links":{"self":[{"href":"https:\/\/zpyme.com.ar\/lapampa\/wp-json\/wp\/v2\/posts\/4276","targetHints":{"allow":["GET"]}}],"collection":[{"href":"https:\/\/zpyme.com.ar\/lapampa\/wp-json\/wp\/v2\/posts"}],"about":[{"href":"https:\/\/zpyme.com.ar\/lapampa\/wp-json\/wp\/v2\/types\/post"}],"author":[{"embeddable":true,"href":"https:\/\/zpyme.com.ar\/lapampa\/wp-json\/wp\/v2\/users\/2"}],"replies":[{"embeddable":true,"href":"https:\/\/zpyme.com.ar\/lapampa\/wp-json\/wp\/v2\/comments?post=4276"}],"version-history":[{"count":1,"href":"https:\/\/zpyme.com.ar\/lapampa\/wp-json\/wp\/v2\/posts\/4276\/revisions"}],"predecessor-version":[{"id":4278,"href":"https:\/\/zpyme.com.ar\/lapampa\/wp-json\/wp\/v2\/posts\/4276\/revisions\/4278"}],"wp:featuredmedia":[{"embeddable":true,"href":"https:\/\/zpyme.com.ar\/lapampa\/wp-json\/wp\/v2\/media\/4277"}],"wp:attachment":[{"href":"https:\/\/zpyme.com.ar\/lapampa\/wp-json\/wp\/v2\/media?parent=4276"}],"wp:term":[{"taxonomy":"category","embeddable":true,"href":"https:\/\/zpyme.com.ar\/lapampa\/wp-json\/wp\/v2\/categories?post=4276"},{"taxonomy":"post_tag","embeddable":true,"href":"https:\/\/zpyme.com.ar\/lapampa\/wp-json\/wp\/v2\/tags?post=4276"}],"curies":[{"name":"wp","href":"https:\/\/api.w.org\/{rel}","templated":true}]}}