{"id":4205,"date":"2024-11-21T12:13:28","date_gmt":"2024-11-21T15:13:28","guid":{"rendered":"https:\/\/zpyme.com.ar\/lapampa\/?p=4205"},"modified":"2024-11-21T12:13:28","modified_gmt":"2024-11-21T15:13:28","slug":"produccion-invito-a-la-feria-de-emprendimientos-de-jacinto-arauz","status":"publish","type":"post","link":"https:\/\/zpyme.com.ar\/lapampa\/2024\/11\/21\/produccion-invito-a-la-feria-de-emprendimientos-de-jacinto-arauz\/","title":{"rendered":"Producci\u00f3n invit\u00f3 a la Feria de Emprendimientos de Jacinto Arauz"},"content":{"rendered":"<header>\n<blockquote>\n<h4 class=\"nota-detalle-titulo\"><span style=\"color: #ff9900;\"><em><strong><span style=\"font-size: 16px;\">En el marco de la Agenda Emprende 2024, que lleva adelante la Direcci\u00f3n de Microemprendimientos y Micropymes del Ministerio de la Producci\u00f3n, junto al municipio local, se realizar\u00e1 la Feria de Emprendimientos de Jacinto Arauz, reprogramada por condiciones clim\u00e1ticas para el pr\u00f3ximo s\u00e1bado 23, desde las 15, en el Polideportivo Municipal.<\/span><\/strong><\/em><\/span><\/h4>\n<\/blockquote>\n<\/header>\n<div class=\"nota-detalle-cuerpo\">\n<p><b>Programa<\/b><\/p>\n<p>15:00 a 15:30 hs: armado de stands.<\/p>\n<p>15:30 a 17:30 hs: Capacitaci\u00f3n \u201cFidelizaci\u00f3n de clientes\u201d, abierta a feriantes y p\u00fablico en general.<\/p>\n<p>A partir de las 17:30 hs: Comercializaci\u00f3n de productos y servicios, acompa\u00f1ada de shows musicales.<br \/>\nLa entrada es libre y gratuita, invitando a toda la comunidad a participar, disfrutar de los espect\u00e1culos y apoyar a los emprendedores locales, quienes estar\u00e1n exhibiendo sus productos y servicios en esta jornada especial.<\/p>\n<p><b>Noviembre, m<\/b><b>es del Emprendimiento: una celebraci\u00f3n en toda la provincia<\/b><br \/>\nLa Agenda Emprende 2024,fue el marco de m\u00faltiples actividades dirigidas a fomentar el esp\u00edritu emprendedor y a visibilizar el potencial emprendedor en toda la Provincia.<br \/>\nDurante este mes se realizaron capacitaciones virtuales y presenciales, ferias de emprendimientos y jornadas con estudiantes de Colegios Secundarios, donde los j\u00f3venes pudieron conectar o con emprendedores locales y aprendieron sobre las oportunidades de desarrollo que brinda el emprendimiento.<br \/>\nEl Gobierno de La Pampa, a trav\u00e9s de estas iniciativas a cargo del Ministerio de la Producci\u00f3n, busca fortalecer el ecosistema emprendedor, brindando herramientas, formaci\u00f3n y espacios para que las ideas de las personas que deciden emprender puedan convertirse en realidad, generando impacto en sus comunidades.<\/p>\n<p><strong>Para m\u00e1s informaci\u00f3n<\/strong>\u00a0sobre las actividades de la Agenda Emprende 2024, acceder a las redes sociales del Ministerio de la Producci\u00f3n o comunicarse con la Direcci\u00f3n de Microemprendimientos y Micropymes al tel: 2954 51 640950.<\/p>\n<p>&nbsp;<\/p>\n<\/div>\n<footer>\n<div class=\"row\">\n<div class=\"col-md-12 col-xs-12\"><\/div>\n<\/div>\n<\/footer>\n","protected":false},"excerpt":{"rendered":"<p>En el marco&#8230;<\/p>\n","protected":false},"author":2,"featured_media":4206,"comment_status":"open","ping_status":"open","sticky":false,"template":"","format":"standard","meta":{"_jetpack_memberships_contains_paid_content":false,"footnotes":""},"categories":[34,39,32],"tags":[],"class_list":["post-4205","post","type-post","status-publish","format-standard","has-post-thumbnail","hentry","category-emprendedores","category-eventos","category-noticias"],"jetpack_featured_media_url":"https:\/\/i0.wp.com\/zpyme.com.ar\/lapampa\/wp-content\/uploads\/2024\/11\/673e612d272af-1.jpg?fit=900%2C507&ssl=1","jetpack_sharing_enabled":true,"jetpack_likes_enabled":false,"_links":{"self":[{"href":"https:\/\/zpyme.com.ar\/lapampa\/wp-json\/wp\/v2\/posts\/4205","targetHints":{"allow":["GET"]}}],"collection":[{"href":"https:\/\/zpyme.com.ar\/lapampa\/wp-json\/wp\/v2\/posts"}],"about":[{"href":"https:\/\/zpyme.com.ar\/lapampa\/wp-json\/wp\/v2\/types\/post"}],"author":[{"embeddable":true,"href":"https:\/\/zpyme.com.ar\/lapampa\/wp-json\/wp\/v2\/users\/2"}],"replies":[{"embeddable":true,"href":"https:\/\/zpyme.com.ar\/lapampa\/wp-json\/wp\/v2\/comments?post=4205"}],"version-history":[{"count":1,"href":"https:\/\/zpyme.com.ar\/lapampa\/wp-json\/wp\/v2\/posts\/4205\/revisions"}],"predecessor-version":[{"id":4207,"href":"https:\/\/zpyme.com.ar\/lapampa\/wp-json\/wp\/v2\/posts\/4205\/revisions\/4207"}],"wp:featuredmedia":[{"embeddable":true,"href":"https:\/\/zpyme.com.ar\/lapampa\/wp-json\/wp\/v2\/media\/4206"}],"wp:attachment":[{"href":"https:\/\/zpyme.com.ar\/lapampa\/wp-json\/wp\/v2\/media?parent=4205"}],"wp:term":[{"taxonomy":"category","embeddable":true,"href":"https:\/\/zpyme.com.ar\/lapampa\/wp-json\/wp\/v2\/categories?post=4205"},{"taxonomy":"post_tag","embeddable":true,"href":"https:\/\/zpyme.com.ar\/lapampa\/wp-json\/wp\/v2\/tags?post=4205"}],"curies":[{"name":"wp","href":"https:\/\/api.w.org\/{rel}","templated":true}]}}