{"id":4162,"date":"2024-11-04T10:20:18","date_gmt":"2024-11-04T13:20:18","guid":{"rendered":"https:\/\/zpyme.com.ar\/lapampa\/?p=4162"},"modified":"2024-11-04T10:20:18","modified_gmt":"2024-11-04T13:20:18","slug":"sustancial-apoyo-gubernamental-al-sector-emprendedor-toayense","status":"publish","type":"post","link":"https:\/\/zpyme.com.ar\/lapampa\/2024\/11\/04\/sustancial-apoyo-gubernamental-al-sector-emprendedor-toayense\/","title":{"rendered":"Sustancial apoyo gubernamental al sector emprendedor toayense"},"content":{"rendered":"<header>\n<blockquote>\n<h4 class=\"nota-detalle-titulo\"><span style=\"color: #ff6600;\"><em><strong><span style=\"font-size: 16px;\">El Gobierno provincial concret\u00f3 ayer en Toay,\u00a0 la entrega de cr\u00e9ditos de los programas Desarrollo de la Econom\u00eda Social, Participaci\u00f3n Comunitaria y Banco de Insumos.\u00a0\u00a0<\/span><\/strong><\/em><\/span><\/h4>\n<\/blockquote>\n<\/header>\n<div class=\"nota-detalle-cuerpo\">Los cr\u00e9ditos son a tasa 0, con per\u00edodo de gracia de tres meses, y una devoluci\u00f3n entre 12 y 18 cuotas mensuales. La mayor\u00eda de los cr\u00e9ditos estaban destinados a personas que desarrollan actividades vinculadas a la producci\u00f3n, y en menor medida a servicios.<br \/>\nEl acto estuvo encabezado por el ministro de Desarrollo Social y Derechos Humanos, Diego \u00c1lvarez, el intendente Ariel Rojas y la subsecretaria de Econom\u00eda Social, Graciela Salvini.<br \/>\nEn Toay, esta Agencia pudo conocer la historia de Blanca, titular de un emprendimiento textil, mediante el cr\u00e9dito recibi\u00f3 una m\u00e1quina de coser, \u201chago manteles, centros de mesa y otros art\u00edculos. Necesitaba esta m\u00e1quina overlock para mejorar la producci\u00f3n\u201d, coment\u00f3.<br \/>\nGonzalo es alba\u00f1il, y coment\u00f3 que \u201cla hormigonera y la amoladora son esenciales para poder trabajar, as\u00ed que me voy muy satisfecho\u201d.<br \/>\nEl ministro \u00c1lvarez resalt\u00f3 el trabajo articulado con el municipio de Toay, \u201ccada d\u00eda que venimos hay nuevas cosas. Pese a los tiempos duros que atravesamos, se sigue invirtiendo en mejorar la calidad de vida de los toayenses\u201d.<br \/>\nEn trabajo conjunto, dedic\u00f3 una menci\u00f3n especial al Consejo Consultivo local, \u201cque se compromete tanto, que hasta se hacen presente en la entrega de estos cr\u00e9ditos. En una mesa de gesti\u00f3n se define qui\u00e9nes ser\u00e1n los beneficiarios de este tipo de acompa\u00f1amiento\u201d.<br \/>\n\u201cEl gobernador Sergio Ziliotto reivindica la historia que tenemos los pampeanos, y que vivimos en estos 40 a\u00f1os de Democracia, esa historia que ejecutaron Mar\u00edn (Rub\u00e9n), Ahuad (N\u00e9stor), Jorge (Oscar), Verna (Carlos) y ahora \u00e9l. Ac\u00e1 se defienden los intereses de los pampeanos. Hemos en estos 40 a\u00f1os una provincia ordenada, con solidez fiscal, administrativa y econ\u00f3mica que nos permite reclamar lo que nos corresponde\u201d, continu\u00f3.<br \/>\n\u201cEsto nos permite sostener pol\u00edticas p\u00fablicas en el tiempo, como esta que estamos viviendo hoy\u201d, concluy\u00f3.<br \/>\nPor su parte el intendente Rojas destac\u00f3 poder llevar adelante esta entrega \u201cen un a\u00f1o tan complejo. En m\u00e1s o en menos, creo que ning\u00fan pampeano sali\u00f3 indemne del da\u00f1o que nos hace todos los d\u00edas el Gobierno nacional\u201d.<br \/>\n\u201cTenemos la suerte de vivir en La Pampa y poder acompa\u00f1arnos, protegernos y trabajar con seriedad y responsabilidad. De comprometernos a lo que podemos cumplir y hacer el m\u00e1ximo esfuerzo por realizar y concretar\u201d, agreg\u00f3.<br \/>\nRespecto al trabajo conjunto con el Gobierno provincial, encabezado por Sergio Ziliotto, dijo que el mandatario \u201cdio muestras claras de cu\u00e1l es su postura, su modo de pensar y el trabajo que lleva adelante para beneficio de todos los pampeanos y pampeanas. En ese contexto, obviamente que estamos los toayenses\u201d.<br \/>\nEl municipio tambi\u00e9n recibi\u00f3 fondos del programa Participaci\u00f3n Comunitaria, para los proyectos de Mercado Municipal, Unidades Productivas Alimenticias y Aula de Oficios.<\/div>\n","protected":false},"excerpt":{"rendered":"<p>El Gobierno provincial&#8230;<\/p>\n","protected":false},"author":2,"featured_media":4163,"comment_status":"open","ping_status":"open","sticky":false,"template":"","format":"standard","meta":{"_jetpack_memberships_contains_paid_content":false,"footnotes":""},"categories":[34,32],"tags":[],"class_list":["post-4162","post","type-post","status-publish","format-standard","has-post-thumbnail","hentry","category-emprendedores","category-noticias"],"jetpack_featured_media_url":"https:\/\/i0.wp.com\/zpyme.com.ar\/lapampa\/wp-content\/uploads\/2024\/11\/373009_whatsapp-image-2024-11-01-at-21.08.08-1-.jpeg?fit=1600%2C1066&ssl=1","jetpack_sharing_enabled":true,"jetpack_likes_enabled":false,"_links":{"self":[{"href":"https:\/\/zpyme.com.ar\/lapampa\/wp-json\/wp\/v2\/posts\/4162","targetHints":{"allow":["GET"]}}],"collection":[{"href":"https:\/\/zpyme.com.ar\/lapampa\/wp-json\/wp\/v2\/posts"}],"about":[{"href":"https:\/\/zpyme.com.ar\/lapampa\/wp-json\/wp\/v2\/types\/post"}],"author":[{"embeddable":true,"href":"https:\/\/zpyme.com.ar\/lapampa\/wp-json\/wp\/v2\/users\/2"}],"replies":[{"embeddable":true,"href":"https:\/\/zpyme.com.ar\/lapampa\/wp-json\/wp\/v2\/comments?post=4162"}],"version-history":[{"count":1,"href":"https:\/\/zpyme.com.ar\/lapampa\/wp-json\/wp\/v2\/posts\/4162\/revisions"}],"predecessor-version":[{"id":4164,"href":"https:\/\/zpyme.com.ar\/lapampa\/wp-json\/wp\/v2\/posts\/4162\/revisions\/4164"}],"wp:featuredmedia":[{"embeddable":true,"href":"https:\/\/zpyme.com.ar\/lapampa\/wp-json\/wp\/v2\/media\/4163"}],"wp:attachment":[{"href":"https:\/\/zpyme.com.ar\/lapampa\/wp-json\/wp\/v2\/media?parent=4162"}],"wp:term":[{"taxonomy":"category","embeddable":true,"href":"https:\/\/zpyme.com.ar\/lapampa\/wp-json\/wp\/v2\/categories?post=4162"},{"taxonomy":"post_tag","embeddable":true,"href":"https:\/\/zpyme.com.ar\/lapampa\/wp-json\/wp\/v2\/tags?post=4162"}],"curies":[{"name":"wp","href":"https:\/\/api.w.org\/{rel}","templated":true}]}}