{"id":4124,"date":"2024-10-24T14:03:56","date_gmt":"2024-10-24T17:03:56","guid":{"rendered":"https:\/\/zpyme.com.ar\/lapampa\/?p=4124"},"modified":"2024-10-24T14:03:56","modified_gmt":"2024-10-24T17:03:56","slug":"educacion-ofrecera-nuevas-formaciones-para-el-mundo-del-trabajo","status":"publish","type":"post","link":"https:\/\/zpyme.com.ar\/lapampa\/2024\/10\/24\/educacion-ofrecera-nuevas-formaciones-para-el-mundo-del-trabajo\/","title":{"rendered":"Educaci\u00f3n ofrecer\u00e1 nuevas formaciones para el mundo del trabajo"},"content":{"rendered":"<blockquote>\n<h4 class=\"lead nota-detalle-bajada\"><span style=\"color: #ff9900;\"><em><strong>Esta ma\u00f1ana, en conferencia de prensa, se anunciaron los \u201cEntornos Formativos Itinerantes\u201d. A trav\u00e9s de esta propuesta, se acercar\u00e1n capacitaciones a distintas localidades mediante el uso de estructuras port\u00e1tiles y herramientas did\u00e1cticas que facilitar\u00e1n la ense\u00f1anza de oficios y dar\u00e1n respuestas a las necesidades productivas y el mercado laboral local.\u00a0<\/strong><\/em><\/span><\/h4>\n<\/blockquote>\n<div class=\"nota-detalle-cuerpo\">El innovador proyecto surge a partir de un trabajo articulado entre el Ministerio de Educaci\u00f3n, a trav\u00e9s de la Subsecretar\u00eda de Educaci\u00f3n T\u00e9cnico Profesional, y el Centro Provincial de Formaci\u00f3n Profesional N\u00b0 18. Dicha l\u00ednea de trabajo ampl\u00eda y complementa las acciones de formaci\u00f3n para el trabajo que se llevan adelante con las Aulas Talleres M\u00f3viles, manteniendo el objetivo de asegurar espacios de formaci\u00f3n y capacitaci\u00f3n a pampeanos y pampeanas.<br \/>\nLa subsecretaria de Educaci\u00f3n T\u00e9cnico Profesional, Daiana Schapert Berpof, resalt\u00f3 la relevancia de esta iniciativa ya que, este a\u00f1o, se identific\u00f3 una creciente demanda de formaci\u00f3n t\u00e9cnica y profesional en toda la Provincia. \u00abNos sucede que a veces encontramos algunas barreras geogr\u00e1ficas, por decirlo de alguna manera, que nos impiden la llegada de estructuras de gran porte. Este proyecto nos permitir\u00e1 superar esas limitaciones y llegar a m\u00e1s localidades con diversas ofertas formativas\u00bb.<br \/>\nLos Entornos Formativos Itinerantes consisten en un conjunto de estructuras, tableros did\u00e1cticos, herramientas y maquinarias, elementos de seguridad y protecci\u00f3n personal, espec\u00edficos y adecuados para el dictado de capacitaciones. \u00abSe comenzar\u00e1 con Electricidad, Construcci\u00f3n en Seco, Soldadura y Herrer\u00eda. El cupo ser\u00e1 de aproximadamente 15 personas en cada oferta que se ponga en marcha. En estos entornos, los participantes trabajar\u00e1n en condiciones seguras\u201d, agreg\u00f3 el director del Centro Provincial de Formaci\u00f3n Profesional N\u00b0 18, Dante Cuevas.<br \/>\nLa primera experiencia tendr\u00e1 lugar en Bernasconi con el Entorno Itinerante de Construcci\u00f3n en Seco.<br \/>\nDesde el Ministerio de Educaci\u00f3n resaltaron que esta primera experiencia es posible por una iniciativa conjunta con la Secretar\u00eda de Trabajo y Promoci\u00f3n del Empleo, la Subsecretar\u00eda de Econom\u00eda Social del Ministerio de Desarrollo Social y Derechos Humanos, el Ministerio de Obras y Servicios P\u00fablicos del Gobierno provincial y la Municipalidad de Bernasconi, que de manera corresponsable organizaron los recursos y la log\u00edstica para la puesta en marcha.<\/div>\n","protected":false},"excerpt":{"rendered":"<p>Esta ma\u00f1ana, en&#8230;<\/p>\n","protected":false},"author":2,"featured_media":4125,"comment_status":"open","ping_status":"open","sticky":false,"template":"","format":"standard","meta":{"_jetpack_memberships_contains_paid_content":false,"footnotes":""},"categories":[39,32],"tags":[],"class_list":["post-4124","post","type-post","status-publish","format-standard","has-post-thumbnail","hentry","category-eventos","category-noticias"],"jetpack_featured_media_url":"https:\/\/i0.wp.com\/zpyme.com.ar\/lapampa\/wp-content\/uploads\/2024\/10\/671978aeb1ac0.jpg?fit=900%2C507&ssl=1","jetpack_sharing_enabled":true,"jetpack_likes_enabled":false,"_links":{"self":[{"href":"https:\/\/zpyme.com.ar\/lapampa\/wp-json\/wp\/v2\/posts\/4124","targetHints":{"allow":["GET"]}}],"collection":[{"href":"https:\/\/zpyme.com.ar\/lapampa\/wp-json\/wp\/v2\/posts"}],"about":[{"href":"https:\/\/zpyme.com.ar\/lapampa\/wp-json\/wp\/v2\/types\/post"}],"author":[{"embeddable":true,"href":"https:\/\/zpyme.com.ar\/lapampa\/wp-json\/wp\/v2\/users\/2"}],"replies":[{"embeddable":true,"href":"https:\/\/zpyme.com.ar\/lapampa\/wp-json\/wp\/v2\/comments?post=4124"}],"version-history":[{"count":1,"href":"https:\/\/zpyme.com.ar\/lapampa\/wp-json\/wp\/v2\/posts\/4124\/revisions"}],"predecessor-version":[{"id":4126,"href":"https:\/\/zpyme.com.ar\/lapampa\/wp-json\/wp\/v2\/posts\/4124\/revisions\/4126"}],"wp:featuredmedia":[{"embeddable":true,"href":"https:\/\/zpyme.com.ar\/lapampa\/wp-json\/wp\/v2\/media\/4125"}],"wp:attachment":[{"href":"https:\/\/zpyme.com.ar\/lapampa\/wp-json\/wp\/v2\/media?parent=4124"}],"wp:term":[{"taxonomy":"category","embeddable":true,"href":"https:\/\/zpyme.com.ar\/lapampa\/wp-json\/wp\/v2\/categories?post=4124"},{"taxonomy":"post_tag","embeddable":true,"href":"https:\/\/zpyme.com.ar\/lapampa\/wp-json\/wp\/v2\/tags?post=4124"}],"curies":[{"name":"wp","href":"https:\/\/api.w.org\/{rel}","templated":true}]}}