{"id":4027,"date":"2024-09-06T11:54:50","date_gmt":"2024-09-06T14:54:50","guid":{"rendered":"https:\/\/zpyme.com.ar\/lapampa\/?p=4027"},"modified":"2024-09-06T11:54:50","modified_gmt":"2024-09-06T14:54:50","slug":"conferencia-cambiar-es-la-clave-para-crecer","status":"publish","type":"post","link":"https:\/\/zpyme.com.ar\/lapampa\/2024\/09\/06\/conferencia-cambiar-es-la-clave-para-crecer\/","title":{"rendered":"Conferencia \u201cCAMBIAR ES LA CLAVE PARA CRECER\u201d"},"content":{"rendered":"<blockquote>\n<h4><span style=\"color: #ff9900;\"><em><strong>A cargo de Sebasti\u00e1n Sanchez Fay, el S\u00e1bado 7 de septiembre, 19 hs. en el Auditorio Centro Municipal de Cultura ( Quinta al 172 &#8211; Santa Rosa )<\/strong><\/em><\/span><\/h4>\n<\/blockquote>\n<p>Vivimos en un mundo en constante cambio. La globalizaci\u00f3n, la tecnolog\u00eda y la<br \/>\ninteligencia artificial nos desaf\u00edan a adaptarnos continuamente. Este ritmo vertiginoso<br \/>\nafecta todos los aspectos de nuestra vida, desde nuestras relaciones personales hasta<br \/>\nnuestro bienestar laboral. Sin embargo, en medio de esta vor\u00e1gine, hay una verdad<br \/>\nfundamental que puede ayudarnos a navegar estos tiempos turbulentos: el cambio no<br \/>\nsolo es inevitable, sino que tambi\u00e9n es la clave para nuestro crecimiento y felicidad.<br \/>\nComo sociedad, enfrentamos niveles sin precedentes de estr\u00e9s, ansiedad y burnout. La<br \/>\npresi\u00f3n por ser siempre productivos, conectados y eficientes puede minar nuestra salud<br \/>\nmental y nuestra capacidad de disfrutar de la vida. En el \u00e1mbito laboral, la falta de<br \/>\nequilibrio entre el trabajo y la vida personal ha llevado a muchos a sentir que est\u00e1n<br \/>\natrapados en una rueda sin fin, sin tiempo para descansar o reflexionar. A nivel global, los<br \/>\ndesaf\u00edos se multiplican. El cambio clim\u00e1tico, las crisis econ\u00f3micas y los movimientos<br \/>\nsociales nos instan a replantear nuestras prioridades y valores. Estamos en una era de<br \/>\ntransformaciones r\u00e1pidas y profundas, donde adaptarse no es solo una opci\u00f3n, sino una<br \/>\nnecesidad.<br \/>\nLa buena noticia es que el cambio consciente puede ser una herramienta poderosa para<br \/>\ncrecer y sanar. Adoptar nuevos h\u00e1bitos, aprender nuevas habilidades y abrirnos a nuevas<br \/>\nperspectivas puede mejorar significativamente nuestra salud mental y felicidad. Los<br \/>\nneurotransmisores de la felicidad \u2013 dopamina, serotonina, oxitocina y endorfina \u2013 juegan<br \/>\nun papel crucial en nuestro bienestar. Al abrazar el cambio, podemos estimular la<br \/>\nproducci\u00f3n de estos qu\u00edmicos naturales y experimentar una mayor sensaci\u00f3n de<br \/>\nbienestar.<br \/>\nPara repasar nuestros hitos e incorporar nuevas herramientas, Sebast\u00edan Sanchez Fay,<br \/>\ncoach, capacitador, docente y consultor, brindar\u00e1 la conferencia inspiradora \u201cCAMBIAR<br \/>\nES LA CLAVE PARA CRECER\u201d. En esta conferencia, explicaremos c\u00f3mo el cambio puede<br \/>\nser la clave para crecer. Discutiremos estrategias pr\u00e1cticas para adoptar el cambio en<br \/>\nnuestra vida diaria, entenderemos c\u00f3mo funcionan los neurotransmisores de la felicidad y<br \/>\nc\u00f3mo podemos estimularlos. Reflexionaremos sobre c\u00f3mo podemos adaptarnos a los<br \/>\ndesaf\u00edos de esta nueva era. Acomp\u00e1\u00f1anos en este viaje de descubrimiento y<br \/>\ntransformaci\u00f3n.<br \/>\nLa actividad tiene un valor de 10 mil pesos, y las entradas pueden adquirirse de manera<br \/>\npresencial en Renatta, Av San Mart\u00edn 570, o reservarlas v\u00eda telef\u00f3nica: +54 9 2954 333813<br \/>\n\/ +54 9 2954 576169<br \/>\nBio Sebasti\u00e1n Sanchez Fay<br \/>\nLicenciado en Administraci\u00f3n y en Marketing por la Universidad del Salvador con un<br \/>\nMaster en Administraci\u00f3n de Empresas por la Universidad de Palermo.<br \/>\nCertificado como Coach Ontol\u00f3gico y con diplomatura en Gesti\u00f3n Emocional y<br \/>\nNeuroeducaci\u00f3n.<br \/>\nProfesor en la Facultad de Ciencias Econ\u00f3micas y Jur\u00eddicas de la Universidad Nacional de<br \/>\nLa Pampa, con m\u00e1s de veinte a\u00f1os de experiencia en posiciones ejecutivas en empresas<br \/>\nl\u00edderes nacionales y multinacionales.<br \/>\nCEP de Sebasti\u00e1n S\u00e1nchez Fay Consultora, ofreciendo servicios de capacitaci\u00f3n ,<br \/>\nconsultor\u00eda en negocios y charlas a las principales empresas Iberoamericanas.<br \/>\nDirector de Alta Gerencia Internacional y Speaker Internacional y Neurocoach, con m\u00e1s<br \/>\nde 600 conferencias y talleres de capacitaci\u00f3n realizados en Argentina y pa\u00edses de la<br \/>\nregi\u00f3n<\/p>\n","protected":false},"excerpt":{"rendered":"<p>A cargo de&#8230;<\/p>\n","protected":false},"author":2,"featured_media":4028,"comment_status":"open","ping_status":"open","sticky":false,"template":"","format":"standard","meta":{"_jetpack_memberships_contains_paid_content":false,"footnotes":""},"categories":[39,32],"tags":[],"class_list":["post-4027","post","type-post","status-publish","format-standard","has-post-thumbnail","hentry","category-eventos","category-noticias"],"jetpack_featured_media_url":"https:\/\/i0.wp.com\/zpyme.com.ar\/lapampa\/wp-content\/uploads\/2024\/09\/WhatsApp-Image-2024-09-05-at-16.10.09.jpeg?fit=1080%2C1920&ssl=1","jetpack_sharing_enabled":true,"jetpack_likes_enabled":false,"_links":{"self":[{"href":"https:\/\/zpyme.com.ar\/lapampa\/wp-json\/wp\/v2\/posts\/4027","targetHints":{"allow":["GET"]}}],"collection":[{"href":"https:\/\/zpyme.com.ar\/lapampa\/wp-json\/wp\/v2\/posts"}],"about":[{"href":"https:\/\/zpyme.com.ar\/lapampa\/wp-json\/wp\/v2\/types\/post"}],"author":[{"embeddable":true,"href":"https:\/\/zpyme.com.ar\/lapampa\/wp-json\/wp\/v2\/users\/2"}],"replies":[{"embeddable":true,"href":"https:\/\/zpyme.com.ar\/lapampa\/wp-json\/wp\/v2\/comments?post=4027"}],"version-history":[{"count":1,"href":"https:\/\/zpyme.com.ar\/lapampa\/wp-json\/wp\/v2\/posts\/4027\/revisions"}],"predecessor-version":[{"id":4029,"href":"https:\/\/zpyme.com.ar\/lapampa\/wp-json\/wp\/v2\/posts\/4027\/revisions\/4029"}],"wp:featuredmedia":[{"embeddable":true,"href":"https:\/\/zpyme.com.ar\/lapampa\/wp-json\/wp\/v2\/media\/4028"}],"wp:attachment":[{"href":"https:\/\/zpyme.com.ar\/lapampa\/wp-json\/wp\/v2\/media?parent=4027"}],"wp:term":[{"taxonomy":"category","embeddable":true,"href":"https:\/\/zpyme.com.ar\/lapampa\/wp-json\/wp\/v2\/categories?post=4027"},{"taxonomy":"post_tag","embeddable":true,"href":"https:\/\/zpyme.com.ar\/lapampa\/wp-json\/wp\/v2\/tags?post=4027"}],"curies":[{"name":"wp","href":"https:\/\/api.w.org\/{rel}","templated":true}]}}