{"id":3877,"date":"2024-07-14T11:04:52","date_gmt":"2024-07-14T14:04:52","guid":{"rendered":"https:\/\/zpyme.com.ar\/lapampa\/?p=3877"},"modified":"2024-07-14T11:04:52","modified_gmt":"2024-07-14T14:04:52","slug":"citia-lanzo-nueva-propuesta-de-capacitacion","status":"publish","type":"post","link":"https:\/\/zpyme.com.ar\/lapampa\/2024\/07\/14\/citia-lanzo-nueva-propuesta-de-capacitacion\/","title":{"rendered":"CITIA lanz\u00f3 nueva propuesta de capacitaci\u00f3n"},"content":{"rendered":"<header>\n<blockquote>\n<h4 class=\"nota-detalle-titulo\"><span style=\"color: #ff9900;\"><em><strong><span style=\"font-size: 16px;\">La Agencia Pampeana de Ciencias, Tecnolog\u00edas e Innovaci\u00f3n Abierta (CITIA) present\u00f3 una nueva propuesta de capacitaci\u00f3n denominada \u00abGesti\u00f3n del Tiempo\u00bb, dise\u00f1ada para ayudar a profesionales y emprendedores a mejorar su eficiencia y equilibrar sus responsabilidades laborales y personales.<\/span><\/strong><\/em><\/span><\/h4>\n<\/blockquote>\n<\/header>\n<div class=\"nota-detalle-cuerpo\">\n<p>Pensada desde la virtualidad, a trav\u00e9s del\u00a0<a href=\"https:\/\/aulacitialapampa.ar\/\">Aula virtual de CITIA<\/a>, esta propuesta apuesta a que los participantes puedan descubrir y familiarizarse con t\u00e9cnicas y herramientas que les permitan aprovechar al m\u00e1ximo cada momento del d\u00eda.<\/p>\n<p>Se explorar\u00e1 c\u00f3mo gestionar este recurso, percibir el paso del tiempo y dise\u00f1ar agendas que reflejen prioridades y valores, adem\u00e1s de reflexionar sobre las creencias subyacentes que influyen en la planificaci\u00f3n de actividades. Todo esto se enmarca en el contexto del prop\u00f3sito personal, del equipo y de la organizaci\u00f3n.<\/p>\n<p>Este curso combina actividades sincr\u00f3nicas y asincr\u00f3nicas de la siguiente manera:<\/p>\n<ul>\n<li>Actividad asincr\u00f3nica 1: del 22 al 30 de julio (En el Campus).<\/li>\n<li>Zoom 1: 30 de julio de 17:30 a 19:00 hs ( clase virtual).<\/li>\n<li>Actividad 2: del 31 de julio al 5 de agosto (Actividad asincr\u00f3nica en el Campus).<\/li>\n<li>Zoom 2: 6 de agosto de 17:30 a 19:00 hs (clase virtual).<\/li>\n<li>Evaluaci\u00f3n: 7 de agosto.<\/li>\n<\/ul>\n<p>El cupo m\u00e1ximo es de 40 participantes y tendr\u00e1n prioridad las empresas de la RED del POLO y los emprendedores radicados en La Pampa. La propuesta ser\u00e1 dictada por Elizabeth Santill\u00e1n y Laila Gianoli de Moebius Desarrollos creativos, quienes cuentan con una amplia experiencia en la formaci\u00f3n y desarrollo de habilidades profesionales.<\/p>\n<p>Los interesados pueden inscribirse a trav\u00e9s del siguiente enlace de Inscripci\u00f3n:<br \/>\nhttps:\/\/forms.gle\/TKm8CxW5U6wdSTWj7<\/p>\n<p>Para m\u00e1s informaci\u00f3n, costos de inscripci\u00f3n y medios de pago, comun\u00edquese a proyectos@citialapampa.ar.<\/p>\n<p>&nbsp;<\/p>\n<\/div>\n<footer>\n<div class=\"row\">\n<div class=\"col-md-12 col-xs-12\"><\/div>\n<\/div>\n<\/footer>\n","protected":false},"excerpt":{"rendered":"<p>La Agencia Pampeana&#8230;<\/p>\n","protected":false},"author":2,"featured_media":3878,"comment_status":"open","ping_status":"open","sticky":false,"template":"","format":"standard","meta":{"_jetpack_memberships_contains_paid_content":false,"footnotes":""},"categories":[32,37],"tags":[],"class_list":["post-3877","post","type-post","status-publish","format-standard","has-post-thumbnail","hentry","category-noticias","category-tecno"],"jetpack_featured_media_url":"https:\/\/i0.wp.com\/zpyme.com.ar\/lapampa\/wp-content\/uploads\/2024\/07\/66915958f0f3c.jpg?fit=900%2C507&ssl=1","jetpack_sharing_enabled":true,"jetpack_likes_enabled":false,"_links":{"self":[{"href":"https:\/\/zpyme.com.ar\/lapampa\/wp-json\/wp\/v2\/posts\/3877","targetHints":{"allow":["GET"]}}],"collection":[{"href":"https:\/\/zpyme.com.ar\/lapampa\/wp-json\/wp\/v2\/posts"}],"about":[{"href":"https:\/\/zpyme.com.ar\/lapampa\/wp-json\/wp\/v2\/types\/post"}],"author":[{"embeddable":true,"href":"https:\/\/zpyme.com.ar\/lapampa\/wp-json\/wp\/v2\/users\/2"}],"replies":[{"embeddable":true,"href":"https:\/\/zpyme.com.ar\/lapampa\/wp-json\/wp\/v2\/comments?post=3877"}],"version-history":[{"count":1,"href":"https:\/\/zpyme.com.ar\/lapampa\/wp-json\/wp\/v2\/posts\/3877\/revisions"}],"predecessor-version":[{"id":3879,"href":"https:\/\/zpyme.com.ar\/lapampa\/wp-json\/wp\/v2\/posts\/3877\/revisions\/3879"}],"wp:featuredmedia":[{"embeddable":true,"href":"https:\/\/zpyme.com.ar\/lapampa\/wp-json\/wp\/v2\/media\/3878"}],"wp:attachment":[{"href":"https:\/\/zpyme.com.ar\/lapampa\/wp-json\/wp\/v2\/media?parent=3877"}],"wp:term":[{"taxonomy":"category","embeddable":true,"href":"https:\/\/zpyme.com.ar\/lapampa\/wp-json\/wp\/v2\/categories?post=3877"},{"taxonomy":"post_tag","embeddable":true,"href":"https:\/\/zpyme.com.ar\/lapampa\/wp-json\/wp\/v2\/tags?post=3877"}],"curies":[{"name":"wp","href":"https:\/\/api.w.org\/{rel}","templated":true}]}}