{"id":3859,"date":"2024-07-03T16:11:52","date_gmt":"2024-07-03T19:11:52","guid":{"rendered":"https:\/\/zpyme.com.ar\/lapampa\/?p=3859"},"modified":"2024-07-03T16:11:52","modified_gmt":"2024-07-03T19:11:52","slug":"gobierno-renovo-en-doblas-el-compromiso-con-el-desarrollo-de-las-cooperativas","status":"publish","type":"post","link":"https:\/\/zpyme.com.ar\/lapampa\/2024\/07\/03\/gobierno-renovo-en-doblas-el-compromiso-con-el-desarrollo-de-las-cooperativas\/","title":{"rendered":"Gobierno renov\u00f3 en Doblas el compromiso con el desarrollo de las cooperativas"},"content":{"rendered":"<blockquote>\n<h4><span style=\"color: #ff9900;\"><em><strong>El ministro de Gobierno y Asuntos Municipales, Pascual Fern\u00e1ndez, visit\u00f3 la Cooperativa de Servicios P\u00fablicos de Doblas (COSEDO), para recorrer las instalaciones y particularmente la planta de envasado de agua, pr\u00f3xima a ser inaugurada. Este emprendimiento fue posible gracias a una fuerte gesti\u00f3n y al apoyo financiero del Gobierno de La Pampa.<\/strong><\/em><\/span><\/h4>\n<\/blockquote>\n<p>&nbsp;<\/p>\n<p>El funcionario lleg\u00f3 junto al subsecretario de Cooperativas y Mutuales, Fabi\u00e1n Bruna, y fue recibido por el titular de la entidad, Jorge P\u00e1ez, junto a personal jer\u00e1rquico, productores ap\u00edcolas de la regi\u00f3n y el intendente, Dar\u00edo Monsalvo.<br \/>\nDurante su visita, Fern\u00e1ndez fue informado sobre las actividades de la Cooperativa, la cual gestiona servicios esenciales como energ\u00eda el\u00e9ctrica, agua potable, telecomunicaciones (internet y televisi\u00f3n) y servicios sociales de sepelios. Adem\u00e1s, se destac\u00f3 el papel que tiene como referente provincial y nacional en el \u00e1mbito de la apicultura.<br \/>\nEn este contexto, se anunci\u00f3 la pr\u00f3xima inauguraci\u00f3n de la planta de envasado de agua cuya fecha est\u00e1 por definirse. Este emprendimiento fue posible gracias a una fuerte gesti\u00f3n y al apoyo financiero del Gobierno de La Pampa, a trav\u00e9s del Ministerio de Gobierno y Asuntos Municipales, mediante un cr\u00e9dito de la l\u00ednea ACES (Apoyo Crediticio a Entidades Solidarias). Este programa, con un a\u00f1o de gracia y tasa de inter\u00e9s 0% en la devoluci\u00f3n en 12 cuotas, facilit\u00f3 la realizaci\u00f3n de obras complementarias en el edificio.<br \/>\nLa planta de envasado de agua, ubicada sobre el Acu\u00edfero del Valle Argentino, aprovechar\u00e1 la alta calidad del agua de la regi\u00f3n, la cual ser\u00e1 comercializada bajo la marca \u00abPerla del M\u00e9dano\u00bb, misma marca utilizada por la cooperativa para la miel local.<\/p>\n<p><strong>Coyuntura<\/strong><br \/>\nEn relaci\u00f3n a la apicultura, Jorge P\u00e1ez explic\u00f3 la situaci\u00f3n actual del sector y ofreci\u00f3 detalles sobre la edici\u00f3n 2024 de la Expo Ap\u00edcola, un evento anual que atrae a productores de todo el pa\u00eds y del extranjero. Esta feria se llevar\u00e1 a cabo, como es tradici\u00f3n, en el mes de agosto.<br \/>\nDurante la visita por la planta de envasado de agua y la planta extractora de miel, los anfitriones ofrecieron una descripci\u00f3n exhaustiva de los procesos productivos, mientras que el ministro Fern\u00e1ndez mostr\u00f3 especial inter\u00e9s en los puestos de trabajo que estos proyectos generan.<br \/>\nEsta visita resalta el compromiso del gobernador Sergio Ziliotto para con las entidades solidarias a las que, reiteradamente, denomina \u00absocios estrat\u00e9gicos\u00bb de su gesti\u00f3n a partir del fortalecimiento de las mismas y el desarrollo productivo regional, promoviendo iniciativas que contribuyen al bienestar de las comunidades locales.<\/p>\n","protected":false},"excerpt":{"rendered":"<p>El ministro de&#8230;<\/p>\n","protected":false},"author":2,"featured_media":3860,"comment_status":"open","ping_status":"open","sticky":false,"template":"","format":"standard","meta":{"_jetpack_memberships_contains_paid_content":false,"footnotes":""},"categories":[34,32],"tags":[],"class_list":["post-3859","post","type-post","status-publish","format-standard","has-post-thumbnail","hentry","category-emprendedores","category-noticias"],"jetpack_featured_media_url":"https:\/\/i0.wp.com\/zpyme.com.ar\/lapampa\/wp-content\/uploads\/2024\/07\/838454_whatsapp-image-2024-07-03-at-07.30.56.jpeg?fit=2560%2C1702&ssl=1","jetpack_sharing_enabled":true,"jetpack_likes_enabled":false,"_links":{"self":[{"href":"https:\/\/zpyme.com.ar\/lapampa\/wp-json\/wp\/v2\/posts\/3859","targetHints":{"allow":["GET"]}}],"collection":[{"href":"https:\/\/zpyme.com.ar\/lapampa\/wp-json\/wp\/v2\/posts"}],"about":[{"href":"https:\/\/zpyme.com.ar\/lapampa\/wp-json\/wp\/v2\/types\/post"}],"author":[{"embeddable":true,"href":"https:\/\/zpyme.com.ar\/lapampa\/wp-json\/wp\/v2\/users\/2"}],"replies":[{"embeddable":true,"href":"https:\/\/zpyme.com.ar\/lapampa\/wp-json\/wp\/v2\/comments?post=3859"}],"version-history":[{"count":1,"href":"https:\/\/zpyme.com.ar\/lapampa\/wp-json\/wp\/v2\/posts\/3859\/revisions"}],"predecessor-version":[{"id":3861,"href":"https:\/\/zpyme.com.ar\/lapampa\/wp-json\/wp\/v2\/posts\/3859\/revisions\/3861"}],"wp:featuredmedia":[{"embeddable":true,"href":"https:\/\/zpyme.com.ar\/lapampa\/wp-json\/wp\/v2\/media\/3860"}],"wp:attachment":[{"href":"https:\/\/zpyme.com.ar\/lapampa\/wp-json\/wp\/v2\/media?parent=3859"}],"wp:term":[{"taxonomy":"category","embeddable":true,"href":"https:\/\/zpyme.com.ar\/lapampa\/wp-json\/wp\/v2\/categories?post=3859"},{"taxonomy":"post_tag","embeddable":true,"href":"https:\/\/zpyme.com.ar\/lapampa\/wp-json\/wp\/v2\/tags?post=3859"}],"curies":[{"name":"wp","href":"https:\/\/api.w.org\/{rel}","templated":true}]}}