{"id":3717,"date":"2024-04-07T08:35:23","date_gmt":"2024-04-07T11:35:23","guid":{"rendered":"https:\/\/zpyme.com.ar\/lapampa\/?p=3717"},"modified":"2024-04-07T08:35:23","modified_gmt":"2024-04-07T11:35:23","slug":"nueva-version-del-sistema-declaracion-en-linea-y-aplicativo-sicoss","status":"publish","type":"post","link":"https:\/\/zpyme.com.ar\/lapampa\/2024\/04\/07\/nueva-version-del-sistema-declaracion-en-linea-y-aplicativo-sicoss\/","title":{"rendered":"Nueva versi\u00f3n del Sistema Declaraci\u00f3n en L\u00ednea y Aplicativo SICOSS"},"content":{"rendered":"<blockquote>\n<h4><span style=\"color: #ff9900;\"><em><strong>La Administraci\u00f3n Federal de Ingresos P\u00fablicos (AFIP) public\u00f3 la versi\u00f3n 46 de \u00abDeclaraci\u00f3n en L\u00ednea\u00bb y del\u00a0\u201cSistema de C\u00e1lculo de Obligaciones de la Seguridad Social &#8211; SICOSS\u201d, que incorpora el importe de la prima individual del Seguro Colectivo de Vida Obligatorio (SCVO), aplicable a partir del per\u00edodo devengado marzo de 2024.<\/strong><\/em><\/span><\/h4>\n<\/blockquote>\n<p>&nbsp;<\/p>\n<p>La nueva versi\u00f3n es tambi\u00e9n de uso obligatorio para las presentaciones de declaraciones juradas originales o rectificativas correspondientes a per\u00edodos anteriores, que se efect\u00faen a partir del 4 de abril de 2024.<\/p>\n<p>Los empleadores obligados a utilizar el\u00a0<a href=\"https:\/\/auth.afip.gob.ar\/contribuyente_\/login.xhtml?action=SYSTEM&amp;system=librodesueldos\" target=\"_blank\" rel=\"noopener noreferrer\">servicio \u201cLibro de Sueldos Digital\u201d<\/a>\u00a0podr\u00e1n consultar la informaci\u00f3n en el\u00a0<a href=\"https:\/\/www.afip.gob.ar\/LibrodeSueldosDigital\/documentos\/GXX_Informe_Seguro_colectivo_de_vida.pdf\" target=\"_blank\" rel=\"noopener noreferrer\">micrositio \u201cweb\u201d institucional<\/a>.<\/p>\n<p>Asimismo, en dicha versi\u00f3n se actualizan los montos correspondientes al Salario M\u00ednimo, Vital y M\u00f3vil (SMVM) establecidos por la\u00a0<a href=\"https:\/\/www.boletinoficial.gob.ar\/detalleAviso\/primera\/302875\/20240221\" target=\"_blank\" rel=\"noopener noreferrer\">Resoluci\u00f3n CNEPYSMVYM N\u00b0 4 \/2024.<\/a><\/p>\n","protected":false},"excerpt":{"rendered":"<p>La Administraci\u00f3n Federal&#8230;<\/p>\n","protected":false},"author":2,"featured_media":3718,"comment_status":"open","ping_status":"open","sticky":false,"template":"","format":"standard","meta":{"_jetpack_memberships_contains_paid_content":false,"footnotes":""},"categories":[36,32],"tags":[],"class_list":["post-3717","post","type-post","status-publish","format-standard","has-post-thumbnail","hentry","category-empresas","category-noticias"],"jetpack_featured_media_url":"https:\/\/i0.wp.com\/zpyme.com.ar\/lapampa\/wp-content\/uploads\/2024\/04\/WhatsApp-Image-2024-04-07-at-08.34.49.jpeg?fit=1600%2C432&ssl=1","jetpack_sharing_enabled":true,"jetpack_likes_enabled":false,"_links":{"self":[{"href":"https:\/\/zpyme.com.ar\/lapampa\/wp-json\/wp\/v2\/posts\/3717","targetHints":{"allow":["GET"]}}],"collection":[{"href":"https:\/\/zpyme.com.ar\/lapampa\/wp-json\/wp\/v2\/posts"}],"about":[{"href":"https:\/\/zpyme.com.ar\/lapampa\/wp-json\/wp\/v2\/types\/post"}],"author":[{"embeddable":true,"href":"https:\/\/zpyme.com.ar\/lapampa\/wp-json\/wp\/v2\/users\/2"}],"replies":[{"embeddable":true,"href":"https:\/\/zpyme.com.ar\/lapampa\/wp-json\/wp\/v2\/comments?post=3717"}],"version-history":[{"count":1,"href":"https:\/\/zpyme.com.ar\/lapampa\/wp-json\/wp\/v2\/posts\/3717\/revisions"}],"predecessor-version":[{"id":3719,"href":"https:\/\/zpyme.com.ar\/lapampa\/wp-json\/wp\/v2\/posts\/3717\/revisions\/3719"}],"wp:featuredmedia":[{"embeddable":true,"href":"https:\/\/zpyme.com.ar\/lapampa\/wp-json\/wp\/v2\/media\/3718"}],"wp:attachment":[{"href":"https:\/\/zpyme.com.ar\/lapampa\/wp-json\/wp\/v2\/media?parent=3717"}],"wp:term":[{"taxonomy":"category","embeddable":true,"href":"https:\/\/zpyme.com.ar\/lapampa\/wp-json\/wp\/v2\/categories?post=3717"},{"taxonomy":"post_tag","embeddable":true,"href":"https:\/\/zpyme.com.ar\/lapampa\/wp-json\/wp\/v2\/tags?post=3717"}],"curies":[{"name":"wp","href":"https:\/\/api.w.org\/{rel}","templated":true}]}}