{"id":3147,"date":"2023-10-01T10:21:38","date_gmt":"2023-10-01T13:21:38","guid":{"rendered":"https:\/\/zpyme.com.ar\/lapampa\/?p=3147"},"modified":"2023-10-01T10:21:38","modified_gmt":"2023-10-01T13:21:38","slug":"de-lo-individual-a-lo-colectivo-se-anuncio-el-5to-foro-pampeano-de-economia-social","status":"publish","type":"post","link":"https:\/\/zpyme.com.ar\/lapampa\/2023\/10\/01\/de-lo-individual-a-lo-colectivo-se-anuncio-el-5to-foro-pampeano-de-economia-social\/","title":{"rendered":"\u201cDe lo individual a lo colectivo\u201d: se anunci\u00f3 el 5to Foro Pampeano de Econom\u00eda Social"},"content":{"rendered":"<header>\n<blockquote>\n<h4 class=\"nota-detalle-titulo\"><span style=\"color: #ff9900;\"><em><strong><span style=\"font-size: 16px;\">El pr\u00f3ximo 5 de octubre de 2023 se llevar\u00e1 a cabo el 5to Foro Pampeano de Econom\u00eda Social \u201cDe lo individual a lo colectivo\u201d en la localidad de Toay, organizado por la Subsecretar\u00eda de Econom\u00eda Social, perteneciente al Ministerio de Desarrollo Social, y la Municipalidad de Toay.<\/span><\/strong><\/em><\/span><\/h4>\n<\/blockquote>\n<\/header>\n<div class=\"nota-detalle-cuerpo\">El objetivo de la propuesta es trabajar, asociarse, agruparse, integrar y colaborar siempre en clave de territorio y el sector al que pertenece la o el emprendedor y productor frente a las problem\u00e1ticas que se les pueden presentar en este contexto.<br \/>\n\u201cEl gobierno de La Pampa viene dando sobradas muestras de que ve en la econom\u00eda social a un engranaje importe del sistema productivo pampeano. Por esta raz\u00f3n fomentamos, acompa\u00f1amos y asistimos a las y los emprendedores de nuestra provincia\u201d, coment\u00f3 a la Agencia Provincial de Noticias la titular de la Subsecretar\u00eda de Econom\u00eda Social, Yolanda Carrizo.<br \/>\nLa funcionaria destac\u00f3 que \u201cnuestra Provincia tiene una historia vinculada a la econom\u00eda social, prueba de eso es que no existe pueblo de La Pampa donde no haya emprendimientos de este sector. Y como gobierno asistimos con cr\u00e9ditos, herramientas, asesoramiento y eventos, como este foro, que aportan al crecimiento y a la posibilidad de intercambiar experiencias con otras personas emprendedoras, enriqueciendo al tercer sector de la econom\u00eda\u201d.<br \/>\nLa jornada se extender\u00e1 hasta las 16.30. La acreditaci\u00f3n comenzar\u00e1 a las 8:30. Posteriormente el acto inaugural a las 9.30 hs. Luego se presentar\u00e1 un audiovisual de experiencias asociativas en La Pampa. Y a las 11 iniciar\u00e1 el conversatorio con la invitada especial Ruth Mart\u00ednez, de Programas CREES, Universidad Nacional de Quilmes sobre \u201cEstrategias asociativas para el fortalecimiento de los emprendimientos, desde la perspectiva sectorial y territorial\u201d.<br \/>\nDurante la tarde de 14 a 16 se realizar\u00e1 el taller \u00abde lo individual a lo colectivo\u00bb.<br \/>\nInvitamos a emprendedores y productores pampeanas y pampeanos que se dedican a la econom\u00eda social y a la agricultura familiar para participar de un momento anual de encuentro, de vinculaci\u00f3n y de aprendizaje.<\/p>\n<p>Para inscribirse vincularse con su municipio y\/o delegaci\u00f3n ministerial y registrarse en el siguiente link:<br \/>\n<a href=\"https:\/\/forms.gle\/Y8Lzt3EzkCCDTRKr6\" target=\"_blank\" rel=\"noopener\" data-saferedirecturl=\"https:\/\/www.google.com\/url?q=https:\/\/forms.gle\/Y8Lzt3EzkCCDTRKr6&amp;source=gmail&amp;ust=1696107047239000&amp;usg=AOvVaw0_rDvruxGBhhn6uOVaFp1F\">https:\/\/forms.gle\/Y8Lzt3EzkCCDTRKr6<\/a><\/div>\n","protected":false},"excerpt":{"rendered":"<p>El pr\u00f3ximo 5&#8230;<\/p>\n","protected":false},"author":2,"featured_media":3149,"comment_status":"open","ping_status":"open","sticky":false,"template":"","format":"standard","meta":{"_jetpack_memberships_contains_paid_content":false,"footnotes":""},"categories":[34,32],"tags":[],"class_list":["post-3147","post","type-post","status-publish","format-standard","has-post-thumbnail","hentry","category-emprendedores","category-noticias"],"jetpack_featured_media_url":"https:\/\/i0.wp.com\/zpyme.com.ar\/lapampa\/wp-content\/uploads\/2023\/10\/111110_foro-2.jpg?fit=1280%2C852&ssl=1","jetpack_sharing_enabled":true,"jetpack_likes_enabled":false,"_links":{"self":[{"href":"https:\/\/zpyme.com.ar\/lapampa\/wp-json\/wp\/v2\/posts\/3147","targetHints":{"allow":["GET"]}}],"collection":[{"href":"https:\/\/zpyme.com.ar\/lapampa\/wp-json\/wp\/v2\/posts"}],"about":[{"href":"https:\/\/zpyme.com.ar\/lapampa\/wp-json\/wp\/v2\/types\/post"}],"author":[{"embeddable":true,"href":"https:\/\/zpyme.com.ar\/lapampa\/wp-json\/wp\/v2\/users\/2"}],"replies":[{"embeddable":true,"href":"https:\/\/zpyme.com.ar\/lapampa\/wp-json\/wp\/v2\/comments?post=3147"}],"version-history":[{"count":1,"href":"https:\/\/zpyme.com.ar\/lapampa\/wp-json\/wp\/v2\/posts\/3147\/revisions"}],"predecessor-version":[{"id":3150,"href":"https:\/\/zpyme.com.ar\/lapampa\/wp-json\/wp\/v2\/posts\/3147\/revisions\/3150"}],"wp:featuredmedia":[{"embeddable":true,"href":"https:\/\/zpyme.com.ar\/lapampa\/wp-json\/wp\/v2\/media\/3149"}],"wp:attachment":[{"href":"https:\/\/zpyme.com.ar\/lapampa\/wp-json\/wp\/v2\/media?parent=3147"}],"wp:term":[{"taxonomy":"category","embeddable":true,"href":"https:\/\/zpyme.com.ar\/lapampa\/wp-json\/wp\/v2\/categories?post=3147"},{"taxonomy":"post_tag","embeddable":true,"href":"https:\/\/zpyme.com.ar\/lapampa\/wp-json\/wp\/v2\/tags?post=3147"}],"curies":[{"name":"wp","href":"https:\/\/api.w.org\/{rel}","templated":true}]}}