{"id":3136,"date":"2023-09-30T07:51:04","date_gmt":"2023-09-30T10:51:04","guid":{"rendered":"https:\/\/zpyme.com.ar\/lapampa\/?p=3136"},"modified":"2023-09-30T07:51:04","modified_gmt":"2023-09-30T10:51:04","slug":"el-parque-solar-de-victorica-aportara-energia-al-mercado-electrico-mayorista","status":"publish","type":"post","link":"https:\/\/zpyme.com.ar\/lapampa\/2023\/09\/30\/el-parque-solar-de-victorica-aportara-energia-al-mercado-electrico-mayorista\/","title":{"rendered":"El Parque Solar de Victorica aportar\u00e1 energ\u00eda al Mercado El\u00e9ctrico Mayorista"},"content":{"rendered":"<header>\n<blockquote>\n<h4 class=\"nota-detalle-titulo\"><span style=\"color: #ff9900;\"><em><strong><span style=\"font-size: 16px;\">A trav\u00e9s del Bolet\u00edn Oficial, se confirm\u00f3 que Pampetrol Sapem recibi\u00f3 la autorizaci\u00f3n para que el primer parque solar fotovoltaico de la provincia, ubicado en Victorica, ingrese como agente generador al Mercado El\u00e9ctrico Mayorista (MEM). El mismo cuenta con 14.280 paneles solares que tendr\u00e1n la capacidad de abastecer a m\u00e1s de 4300 hogares pampeanos.\u00a0\u00a0<\/span><\/strong><\/em><\/span><\/h4>\n<\/blockquote>\n<\/header>\n<div class=\"nota-detalle-cuerpo\">Con el objetivo \u00a0trazado por el gobernador Sergio Ziliotto de continuar avanzando en el camino de la soberan\u00eda energ\u00e9tica e impulsar pol\u00edticas p\u00fablicas descentralizadas que fortalezcan a toda la provincia, la obra del parque avanza hacia su etapa final. As\u00ed adem\u00e1s se consolida la decisi\u00f3n pol\u00edtica de avanzar en\u00a0 la transici\u00f3n energ\u00e9tica de fuentes no renovables a renovables.<br \/>\nEstas acciones son posibles por la iniciativa del gobierno provincial y el trabajo colaborativo que Pampetrol impulsa al brindar mejoras y soluciones confiables y asequibles al Sistema El\u00e9ctrico Provincial, bajo los lineamientos y el trabajo articulado con la Secretar\u00eda de Energ\u00eda y Miner\u00eda y la Administraci\u00f3n Provincial de Energ\u00eda de la provincia.<br \/>\n<b>Ingreso al Mercado Mayorista<\/b><br \/>\nEn esa l\u00ednea, mediante la Resoluci\u00f3n 733\/2023, fue publicado en el Bolet\u00edn Oficial de la Argentina, la autorizaci\u00f3n que dictamina que Pampetrol cumple con todos los requisitos exigidos para ingresar como Agente Generador del Mercado El\u00e9ctrico Mayorista (MEM), para el Parque Solar Fotovoltaico Victorica, que cuenta con 7,2MW de potencia, y estar\u00e1 conectado al Sistema Argentino de Interconexi\u00f3n (SADI) en el nivel de 33 kV de la Estaci\u00f3n Transformadora Victorica, perteneciente a la APE.<br \/>\nEsta acci\u00f3n, se traduce en un gran avance en la pol\u00edtica energ\u00e9tica, ya que permitir\u00e1 a Pampetrol Sapem comenzar a inyectar energ\u00eda limpia generada a partir de recursos locales renovables, es decir, transformar el esquema de circuito de unidireccionalidad que hist\u00f3ricamente tuvo la provincia de La Pampa al comprar fuera del territorio la energ\u00eda que consume, para comenzar a producir y vender su propia energ\u00eda, en un nuevo esquema bidireccional que comienza a posicionar a la provincia como productora de energ\u00eda limpia.<br \/>\n<b>Alianza estrat\u00e9gica con las cooperativas<\/b><br \/>\nEn este sentido, el primer parque solar pone en marcha el mercado local de energ\u00eda, en el que una empresa pampeana, Pampetrol SAPEM, generar\u00e1 energ\u00eda para venderla a la distribuidora local, la Administraci\u00f3n Provincial de Energ\u00eda, organismo que opera el sistema y distribuye dicha energ\u00eda a las Cooperativas, para luego brindar el servicio a los y las usuarias, quienes consumir\u00e1n energ\u00eda limpia generada en La Pampa y para La Pampa.<br \/>\nRespecto al anuncio oficial, la Presidenta Mar\u00eda Roveda destac\u00f3: \u201cEl parque nos abre las puertas a nuevas posibilidades como provincia, brind\u00e1ndonos un posicionamiento diferencial respecto al valor, la disponibilidad, la calidad y la cantidad de energ\u00eda, consolid\u00e1ndose como una ventaja comparativa que podemos ofrecer al pa\u00eds y al mundo.\u201d .<br \/>\n<b>M\u00e1s de 10 mil paneles ya instalados<\/b><br \/>\nSiguiendo con los avances del parque, desde la colocaci\u00f3n del primer panel solar, con la visita del Gobernador Sergio Ziliotto a mediados de agosto, al d\u00eda de la fecha, ya se han instalado m\u00e1s de 10 mil pantallas solares y montados los inversores solares: tecnolog\u00eda de \u00faltima generaci\u00f3n que permite transformar la energ\u00eda solar, es decir la corriente continua procedente de los paneles, en corriente alterna que viajar\u00e1 por las redes de nuestro sistema el\u00e9ctrico provincial.<br \/>\nGracias al trabajo de m\u00e1s de 50 personas en la obra, ya se instal\u00f3 la Central de Transformaci\u00f3n, y comenz\u00f3 la construcci\u00f3n de la l\u00ednea de alta tensi\u00f3n que vincula al parque con la Administraci\u00f3n Provincial de Energ\u00eda, un tendido hasta la Subestaci\u00f3n Transformadora ubicada a unos 1.500 metros del parque.<br \/>\nEn esa l\u00ednea, cabe destacar que el 75% de las personas que trabajan en la construcci\u00f3n del parque, son trabajadores pampeanos y pampeanas; muchas de esas personas previamente a su incorporaci\u00f3n, se desempe\u00f1aban como hacheros, alambradores o estaban al cuidado de animales. Pero gracias a su incorporaci\u00f3n en el proyecto, han sido capacitados espec\u00edficamente en tareas para la colocaci\u00f3n de paneles, tendido el\u00e9ctrico, entre otras tareas que incluyen el manejo de tecnolog\u00eda espec\u00edfica y deja capacidad instalada en la comunidad local, mejorando la calidad de vida, profesionalizando mano de obra y abriendo la posibilidad de inclusi\u00f3n laboral en nichos demandados por el mercado actual.<br \/>\n<b>Planificaci\u00f3n ambiental<\/b><br \/>\nJunto al anuncio del ingreso de Pampetrol al MEM, en el Bolet\u00edn Oficial tambi\u00e9n se dio a conocer que la Subsecretar\u00eda de ambiente de la provincia, dispuso aprobar el Estudio de Impacto Ambiental del Parque Solar Fotovoltaico Victorica desarrollado en 2022, con el objetivo de cumplir con todas las medidas preventivas para la conservaci\u00f3n y cuidado del ambiente, en torno al desarrollo de la obra. Dicho Informe T\u00e9cnico, recomienda incluir el monitoreo de avifauna estacional como variable a tener en cuenta en la planificaci\u00f3n ambiental, para lo cual se dispondr\u00e1 de las medidas necesarias para cumplir con tal recomendaci\u00f3n.<br \/>\nLa obra pone en valor los recursos locales gestionados por y para pampeanos y pampeanas, en pos de acompa\u00f1ar el desarrollo socio productivo y mejorar la calidad de vida de nuestra provincia, impulsando hoy, un futuro sostenible y con un fuerte compromiso ambiental.\n<\/div>\n","protected":false},"excerpt":{"rendered":"<p>A trav\u00e9s del&#8230;<\/p>\n","protected":false},"author":2,"featured_media":3137,"comment_status":"open","ping_status":"open","sticky":false,"template":"","format":"standard","meta":{"_jetpack_memberships_contains_paid_content":false,"footnotes":""},"categories":[36,32,37],"tags":[],"class_list":["post-3136","post","type-post","status-publish","format-standard","has-post-thumbnail","hentry","category-empresas","category-noticias","category-tecno"],"jetpack_featured_media_url":"https:\/\/i0.wp.com\/zpyme.com.ar\/lapampa\/wp-content\/uploads\/2023\/09\/642094_img-20230929-wa0004.jpg?fit=1600%2C898&ssl=1","jetpack_sharing_enabled":true,"jetpack_likes_enabled":false,"_links":{"self":[{"href":"https:\/\/zpyme.com.ar\/lapampa\/wp-json\/wp\/v2\/posts\/3136","targetHints":{"allow":["GET"]}}],"collection":[{"href":"https:\/\/zpyme.com.ar\/lapampa\/wp-json\/wp\/v2\/posts"}],"about":[{"href":"https:\/\/zpyme.com.ar\/lapampa\/wp-json\/wp\/v2\/types\/post"}],"author":[{"embeddable":true,"href":"https:\/\/zpyme.com.ar\/lapampa\/wp-json\/wp\/v2\/users\/2"}],"replies":[{"embeddable":true,"href":"https:\/\/zpyme.com.ar\/lapampa\/wp-json\/wp\/v2\/comments?post=3136"}],"version-history":[{"count":1,"href":"https:\/\/zpyme.com.ar\/lapampa\/wp-json\/wp\/v2\/posts\/3136\/revisions"}],"predecessor-version":[{"id":3138,"href":"https:\/\/zpyme.com.ar\/lapampa\/wp-json\/wp\/v2\/posts\/3136\/revisions\/3138"}],"wp:featuredmedia":[{"embeddable":true,"href":"https:\/\/zpyme.com.ar\/lapampa\/wp-json\/wp\/v2\/media\/3137"}],"wp:attachment":[{"href":"https:\/\/zpyme.com.ar\/lapampa\/wp-json\/wp\/v2\/media?parent=3136"}],"wp:term":[{"taxonomy":"category","embeddable":true,"href":"https:\/\/zpyme.com.ar\/lapampa\/wp-json\/wp\/v2\/categories?post=3136"},{"taxonomy":"post_tag","embeddable":true,"href":"https:\/\/zpyme.com.ar\/lapampa\/wp-json\/wp\/v2\/tags?post=3136"}],"curies":[{"name":"wp","href":"https:\/\/api.w.org\/{rel}","templated":true}]}}