{"id":3027,"date":"2023-09-04T15:44:21","date_gmt":"2023-09-04T18:44:21","guid":{"rendered":"https:\/\/zpyme.com.ar\/lapampa\/?p=3027"},"modified":"2023-09-04T15:44:21","modified_gmt":"2023-09-04T18:44:21","slug":"una-multitud-en-la-primera-fiesta-provincial-de-la-riwwen-kuchen-en-peru","status":"publish","type":"post","link":"https:\/\/zpyme.com.ar\/lapampa\/2023\/09\/04\/una-multitud-en-la-primera-fiesta-provincial-de-la-riwwen-kuchen-en-peru\/","title":{"rendered":"Una multitud en la primera fiesta Provincial de la Riwwen Kuchen en Per\u00fa"},"content":{"rendered":"<header>\n<blockquote>\n<h4 class=\"nota-detalle-titulo\"><span style=\"color: #ff9900;\"><em><strong><span style=\"font-size: 16px;\">Ariel Rauschenberger, ministro de Gobierno, Justicia y Derechos Humanos, particip\u00f3 de la 10 edici\u00f3n de la Fiesta de la Riwwen Kuchen en Per\u00fa oportunidad en la que se entreg\u00f3 el Decreto provincializando la fiesta.\u00a0 \u00a0<\/span><\/strong><\/em><\/span><\/h4>\n<\/blockquote>\n<\/header>\n<div class=\"nota-detalle-cuerpo\">Ante m\u00e1s de 1.400 personas que participaron de esta nueva edici\u00f3n, llegando desde distintos puntos del pa\u00eds, se le hizo entrega del decreto al presidente de la Comisi\u00f3n de Fomento, Roberto Kronrmberger.<br \/>\nLa localidad vivi\u00f3 una jornada especial, sobre todo teniendo en cuenta que son alrededor de 40 los habitantes fijos, pasando en esta oportunidad a cerca de 1.500 lo que le da un colorido especial y una reafirmaci\u00f3n de que la fiesta es considerada por gente de todo el pa\u00eds.<br \/>\nActuaron grupos de bailes y musicales llegados desde Entre R\u00edos, Azul, Olavarr\u00eda y el Grupo Tirol, que es el grupo oficial de la Fiesta de la Cerveza en Villa General Belgrano.<br \/>\nAriel Rauschenberger manifest\u00f3 a la Agencia Provincial de Noticias que \u201cvinimos hoy a la Fiesta de la Torta Rusa en Per\u00fa trayendo buenas noticias\u00a0 respondiendo a un pedido del presidente de la Comisi\u00f3n de Fomento y el equipo de trabajo de Per\u00fa porque es una fiesta que tiene ya 10 ediciones con el acompa\u00f1amiento de la gente de la zona, de la Provincia y de varios puntos del pa\u00eds y ante el pedido el Gobernador Sergio Ziliotto no dud\u00f3 en ning\u00fan momento en otorgarle el decreto d\u00e1ndole car\u00e1cter de provincial a esta fiesta pampeana de la Torta Rusa poniendo en valor una vez m\u00e1s todo lo que \u00e9sta representa, la cultura de los alemanes, sus tradiciones, ra\u00edces, comidas t\u00edpicas y costumbres, es un aporte a la pampeanidad por todo el movimiento econ\u00f3mico y el turismo\u201d.<br \/>\nExplic\u00f3 que \u201ces por eso el reconocimiento del gobierno provincial a la gente de Per\u00fa a la cabeza de Roberto Kronemberger y de Lucy junto al equipo que acompa\u00f1a y que hace grande esta fiesta\u201d.<br \/>\nConsider\u00f3 que \u201cArgentina es un crisol de razas y por ende La Pampa tambi\u00e9n y cada cultura o colectividad aporta a esta pampeanidad y en este caso de la cultura alemana. Tenemos una provincia con muchas fiestas cada una de ellas con sus caracter\u00edsticas que las distinguen y el gobierno provincial acompa\u00f1a siempre \u00a0a esta construcci\u00f3n entre todos y de esta forma hacer cada vez m\u00e1s grande nuestra Provincia\u201d.<br \/>\nPuntualiz\u00f3 que \u201cRoberto Kronemberger est\u00e1 haciendo un gran trabajo en Per\u00fa\u00a0 y el desarrollo a partir de su gesti\u00f3n es muy notorio y esta fiesta es el reflejo de todo lo que se viene llevando adelante. Felicitaciones por el trabajo que vienen haciendo, feliz Fiesta Provincial de la Torta Rusa\u00a0 y hemos pasado un d\u00eda espectacular, un \u00e9xito total\u201d.<\/p>\n<p><strong>Roberto Kronemberger<\/strong><br \/>\nEl presidente de la Comisi\u00f3n de Fomento agradeci\u00f3 \u201cal Gobierno provincial por este reconocimiento, esta fiesta es de ustedes, va a ser muy linda y va a seguir creciendo\u201d. Afirm\u00f3 que \u201ctenemos que ponerle todas las ganas para que as\u00ed sea. Me toca hablar a mi porque la presidenta de la comisi\u00f3n de festejos est\u00e1 en otras tareas en estos momentos pero queremos que sea ella la que tambi\u00e9n reciba en nombre de todo el grupo de trabajo este decreto donde se declara a nuestra fiesta de car\u00e1cter provincial\u201d.<br \/>\nCerr\u00f3 con un \u201cmuchas gracias al ministro de Gobierno, Justicia y Derechos Humanos Ariel Rauschenberger\u00a0 quien hace entrega del mismo en nombre del se\u00f1or gobernador Sergio Ziliotto\u201d, finaliz\u00f3.<\/div>\n","protected":false},"excerpt":{"rendered":"<p>Ariel Rauschenberger, ministro&#8230;<\/p>\n","protected":false},"author":2,"featured_media":3028,"comment_status":"open","ping_status":"open","sticky":false,"template":"","format":"standard","meta":{"_jetpack_memberships_contains_paid_content":false,"footnotes":""},"categories":[39,32,33],"tags":[],"class_list":["post-3027","post","type-post","status-publish","format-standard","has-post-thumbnail","hentry","category-eventos","category-noticias","category-turismo"],"jetpack_featured_media_url":"https:\/\/i0.wp.com\/zpyme.com.ar\/lapampa\/wp-content\/uploads\/2023\/09\/2900480_peru-03.-.jpg?fit=2560%2C1920&ssl=1","jetpack_sharing_enabled":true,"jetpack_likes_enabled":false,"_links":{"self":[{"href":"https:\/\/zpyme.com.ar\/lapampa\/wp-json\/wp\/v2\/posts\/3027","targetHints":{"allow":["GET"]}}],"collection":[{"href":"https:\/\/zpyme.com.ar\/lapampa\/wp-json\/wp\/v2\/posts"}],"about":[{"href":"https:\/\/zpyme.com.ar\/lapampa\/wp-json\/wp\/v2\/types\/post"}],"author":[{"embeddable":true,"href":"https:\/\/zpyme.com.ar\/lapampa\/wp-json\/wp\/v2\/users\/2"}],"replies":[{"embeddable":true,"href":"https:\/\/zpyme.com.ar\/lapampa\/wp-json\/wp\/v2\/comments?post=3027"}],"version-history":[{"count":1,"href":"https:\/\/zpyme.com.ar\/lapampa\/wp-json\/wp\/v2\/posts\/3027\/revisions"}],"predecessor-version":[{"id":3029,"href":"https:\/\/zpyme.com.ar\/lapampa\/wp-json\/wp\/v2\/posts\/3027\/revisions\/3029"}],"wp:featuredmedia":[{"embeddable":true,"href":"https:\/\/zpyme.com.ar\/lapampa\/wp-json\/wp\/v2\/media\/3028"}],"wp:attachment":[{"href":"https:\/\/zpyme.com.ar\/lapampa\/wp-json\/wp\/v2\/media?parent=3027"}],"wp:term":[{"taxonomy":"category","embeddable":true,"href":"https:\/\/zpyme.com.ar\/lapampa\/wp-json\/wp\/v2\/categories?post=3027"},{"taxonomy":"post_tag","embeddable":true,"href":"https:\/\/zpyme.com.ar\/lapampa\/wp-json\/wp\/v2\/tags?post=3027"}],"curies":[{"name":"wp","href":"https:\/\/api.w.org\/{rel}","templated":true}]}}