{"id":2204,"date":"2023-01-26T12:49:34","date_gmt":"2023-01-26T15:49:34","guid":{"rendered":"https:\/\/zpyme.com.ar\/lapampa\/?p=2204"},"modified":"2023-01-26T12:49:34","modified_gmt":"2023-01-26T15:49:34","slug":"cooperativa-de-la-economia-circular-a-punto-de-convertirse-en-pyme","status":"publish","type":"post","link":"https:\/\/zpyme.com.ar\/lapampa\/2023\/01\/26\/cooperativa-de-la-economia-circular-a-punto-de-convertirse-en-pyme\/","title":{"rendered":"Cooperativa de la econom\u00eda circular, a punto de convertirse en Pyme"},"content":{"rendered":"<blockquote>\n<h4 class=\"lead nota-detalle-bajada\"><span style=\"color: #ff9900;\"><em><strong>La ministra de la Producci\u00f3n de La Pampa, Fernanda Gonz\u00e1lez, mantuvo un encuentro con representantes de la Fundaci\u00f3n Kar\u00fa Map\u00fa (dedicada a la producci\u00f3n a partir del reciclado), con motivo de acompa\u00f1ar a la misma en su pr\u00f3xima\u00a0 conformaci\u00f3n como una PyME.<\/strong><\/em><\/span><\/h4>\n<\/blockquote>\n<div class=\"nota-detalle-cuerpo\">De la reuni\u00f3n particip\u00f3 adem\u00e1s el director General de Recursos Naturales, Carlos Bonnemez\u00f3n y la subdirectora de Fauna, Adriana Garcia.\u00a0Desde la cartera se viene acompa\u00f1ando a la Fundaci\u00f3n desde sus inicios, como organismo dedicado al cuidado del ambiente. En di\u00e1logo con la Agencia Provincial de Noticias, Mariana Esp\u00edndola, una de las con-fundadoras, record\u00f3 que \u201cvenimos trabajando en conjunto con el Ministerio, fue uno de los principales organismos que nos apoy\u00f3\u201d y agreg\u00f3 a su vez que \u201csi bien somos una Fundaci\u00f3n estamos pr\u00f3ximos a convertirnos en una PyME, ya que tenemos pensado a futuro poder generar fuentes de empleo con este proyecto\u201d.<br \/>\nComent\u00f3 a su vez, que en el mes de octubre de 2022 participaron en la Expo Vivero \u201ccomo nuestra primera presentaci\u00f3n y esperamos estar listos para poder estar en la pr\u00f3xima Expo PyMEs\u201d.<br \/>\nLa Fundaci\u00f3n se dedica al cuidado del ambiente principalmente haciendo reciclaje de pl\u00e1sticos\u00a0 provenientes de eco botellas que se juntan en la UNLPam, \u201cya que formamos parte de la Universidad a\u00a0 trav\u00e9s de un proyecto de extensi\u00f3n\u201d. Hoy cuentan con 42 localidades del interior provincial desde las cuales recolectan estas botellas para transformarlas en madera pl\u00e1stica. Esp\u00edndola detall\u00f3 que actualmente llevan adelante dos l\u00edneas de producci\u00f3n, \u201cuna es para realizar mobiliario urbano para personas con movilidad reducida, lo cual se lleva adelante\u00a0 en conjunto con el municipio de Toay y el Centro Terap\u00e9utico Solar\u201d<br \/>\nY la otra l\u00ednea de producci\u00f3n tiene que ver con confeccionar cobertores para las l\u00edneas de media tensi\u00f3n, \u201ccon el fin de evitar la electrocuci\u00f3n aviar, y en ese sentido trabajamos junto al CECAR (Centro de Estudios y Conservaci\u00f3n de Aves Rapaces).<br \/>\nEl trabajo de la Fundaci\u00f3n es \u00fanico en la Provincia y contribuye a la econom\u00eda circular \u201clos\u00a0 productos que la gente consume en sus hogares los mete dentro de la botella, luego le damos el tratamiento para transformarlos en nuevo producto y a su vez el envase vuelve al circuito para transformarse en otra botella pet, con lo cual quedar\u00eda cerrado el circuido y no generamos desechos\u201d, sintetiz\u00f3. Dicha Fundaci\u00f3n actualmente tiene su sede en la calle Cavero en la ciudad de Santa Rosa, pero pr\u00f3ximamente se instalar\u00e1n en el Parque Industrial de Toay.<\/div>\n","protected":false},"excerpt":{"rendered":"<p>La ministra de&#8230;<\/p>\n","protected":false},"author":2,"featured_media":2205,"comment_status":"open","ping_status":"open","sticky":false,"template":"","format":"standard","meta":{"_jetpack_memberships_contains_paid_content":false,"footnotes":""},"categories":[34,32],"tags":[],"class_list":["post-2204","post","type-post","status-publish","format-standard","has-post-thumbnail","hentry","category-emprendedores","category-noticias"],"jetpack_featured_media_url":"https:\/\/i0.wp.com\/zpyme.com.ar\/lapampa\/wp-content\/uploads\/2023\/01\/717927_whatsapp-image-2023-01-23-at-09.17.16.jpeg?fit=1600%2C1200&ssl=1","jetpack_sharing_enabled":true,"jetpack_likes_enabled":false,"_links":{"self":[{"href":"https:\/\/zpyme.com.ar\/lapampa\/wp-json\/wp\/v2\/posts\/2204","targetHints":{"allow":["GET"]}}],"collection":[{"href":"https:\/\/zpyme.com.ar\/lapampa\/wp-json\/wp\/v2\/posts"}],"about":[{"href":"https:\/\/zpyme.com.ar\/lapampa\/wp-json\/wp\/v2\/types\/post"}],"author":[{"embeddable":true,"href":"https:\/\/zpyme.com.ar\/lapampa\/wp-json\/wp\/v2\/users\/2"}],"replies":[{"embeddable":true,"href":"https:\/\/zpyme.com.ar\/lapampa\/wp-json\/wp\/v2\/comments?post=2204"}],"version-history":[{"count":1,"href":"https:\/\/zpyme.com.ar\/lapampa\/wp-json\/wp\/v2\/posts\/2204\/revisions"}],"predecessor-version":[{"id":2206,"href":"https:\/\/zpyme.com.ar\/lapampa\/wp-json\/wp\/v2\/posts\/2204\/revisions\/2206"}],"wp:featuredmedia":[{"embeddable":true,"href":"https:\/\/zpyme.com.ar\/lapampa\/wp-json\/wp\/v2\/media\/2205"}],"wp:attachment":[{"href":"https:\/\/zpyme.com.ar\/lapampa\/wp-json\/wp\/v2\/media?parent=2204"}],"wp:term":[{"taxonomy":"category","embeddable":true,"href":"https:\/\/zpyme.com.ar\/lapampa\/wp-json\/wp\/v2\/categories?post=2204"},{"taxonomy":"post_tag","embeddable":true,"href":"https:\/\/zpyme.com.ar\/lapampa\/wp-json\/wp\/v2\/tags?post=2204"}],"curies":[{"name":"wp","href":"https:\/\/api.w.org\/{rel}","templated":true}]}}