{"id":2157,"date":"2023-01-10T13:03:50","date_gmt":"2023-01-10T16:03:50","guid":{"rendered":"https:\/\/zpyme.com.ar\/lapampa\/?p=2157"},"modified":"2023-01-10T13:03:50","modified_gmt":"2023-01-10T16:03:50","slug":"turismo-2022-en-la-pampa-el-respeto-por-la-marca-provincial-en-todos-los-escenarios","status":"publish","type":"post","link":"https:\/\/zpyme.com.ar\/lapampa\/2023\/01\/10\/turismo-2022-en-la-pampa-el-respeto-por-la-marca-provincial-en-todos-los-escenarios\/","title":{"rendered":"Turismo 2022 en La Pampa: el respeto por la marca provincial en todos los escenarios"},"content":{"rendered":"<blockquote>\n<h4 class=\"lead nota-detalle-bajada\"><span style=\"color: #ff9900;\"><em><strong>Desde la Secretar\u00eda de Turismo del Gobierno de La Pampa, se inform\u00f3 sobre los alcances y acciones m\u00e1s salientes durante el per\u00edodo del pasado a\u00f1o (2022) en todo el territorio provincial.<\/strong><\/em><\/span><\/h4>\n<\/blockquote>\n<div class=\"nota-detalle-cuerpo\">\n<p align=\"left\"><strong>Departamento de Fiscalizaci\u00f3n<\/strong><\/p>\n<ul>\n<li>\n<p align=\"left\">Se habilitaron 7 nuevos establecimientos de alojamientos, en sus distintas modalidades (Catril\u00f3; Colonia Bar\u00f3n, Ing. Luiggi, 25 de Mayo, Toay y Santa Rosa)<\/p>\n<\/li>\n<li>\n<p align=\"left\">Se habilitaron 6 gu\u00edas de turismo, en sus distintas modalidades.<\/p>\n<\/li>\n<li>\n<p align=\"left\">Se habilitaron 8 prestadores de servicios y\/o actividades tur\u00edsticas.<\/p>\n<\/li>\n<\/ul>\n<p align=\"left\"><strong>Calidad y capacitaci\u00f3n<\/strong><\/p>\n<ul>\n<li>\n<p align=\"left\">Se capacit\u00f3 a m\u00e1s de 500 personas en calidad, guiado, astroturismo.<\/p>\n<\/li>\n<li>\n<p align=\"left\">Implementaci\u00f3n Sello de Calidad Pampeana (cooperaci\u00f3n CFI) .<\/p>\n<\/li>\n<li>\n<p align=\"left\">Se entregaron certificados a embajadores y amigos de la Marca Tur\u00edstica La Pampa.<\/p>\n<\/li>\n<\/ul>\n<p align=\"left\"><strong>Desarrollo de la Oferta<\/strong><\/p>\n<ul>\n<li>\n<p align=\"left\">Desarrollo de productos: Turismo del Vino; Salinas; Turismo Religioso, cicloturismo en la Reserva Parque Luro, Ruta de la Carne Pampeana.<\/p>\n<\/li>\n<li>\n<p align=\"left\">Se destinaron los 2 telescopios que no ten\u00edan uso, uno a Uriburu y otro a Algarrobo del Aguila; el Director de la Reserva ya est\u00e1 capacitando a personal de Algarrobo y har\u00e1 lo mismo con Uriburu.<\/p>\n<\/li>\n<li>\n<p align=\"left\">Se realiz\u00f3 un gui\u00f3n de guiado en el Cerro de los Guanacos en Algarrobo del Aguila.<\/p>\n<\/li>\n<li>\n<p align=\"left\">Se realiz\u00f3 un gui\u00f3n de guiado para Naic\u00f3 y se continu\u00f3 con presencia de personal los fines de semana.<\/p>\n<\/li>\n<\/ul>\n<p align=\"left\"><strong>Inversi\u00f3n<\/strong><\/p>\n<ul>\n<li>\n<p align=\"left\">Luego de varios meses se retom\u00f3 la obra de las caba\u00f1as de la Reserva Parque Luro con financiaci\u00f3n 50 Destinos de Naci\u00f3n.<\/p>\n<\/li>\n<li>\n<p align=\"left\">El 2do 50 Destinos se perdi\u00f3 por no contar con el proyecto ejecutivo.<\/p>\n<\/li>\n<li>\n<p align=\"left\">El 3er 50 Destinos est\u00e1 siendo gestionado para inversi\u00f3n en la Reserva Parque Luro.<\/p>\n<\/li>\n<\/ul>\n<p align=\"left\"><strong>Marketing<\/strong><\/p>\n<ul>\n<li>\n<p align=\"left\">Presencia en FITUR \u2013 Feria de Turismo de Espa\u00f1a.<\/p>\n<\/li>\n<li>\n<p align=\"left\">Herramientas para la promoci\u00f3n del destino: refresh del isologo usando la guarda pampa;<\/p>\n<\/li>\n<li>\n<p align=\"left\">Campa\u00f1as en medios como Viajando con Vos, Sent\u00ed Argentina, Radio Nacional, Ciudadanos Viajeros, Radio Late, Canal 26.<\/p>\n<\/li>\n<li>\n<p align=\"left\">Stand en la Feria Internacional de Turismo FIT de La Rural, para difundir se paut\u00f3 aviso en Clar\u00edn.<\/p>\n<\/li>\n<li>\n<p align=\"left\">Se asisti\u00f3 al Congreso Bin\u00f3mico de Gastronom\u00eda Internacional en Huelva, Espa\u00f1a, junto con el Ministerio de Turismo y Deportes de la Naci\u00f3n y la Marca Pa\u00eds. La Pampa a trav\u00e9s del Frig. Pico aport\u00f3 200 kg de carne de OhraPampa para el Gran Asado Argentino en la Plaza de las Monjas.<\/p>\n<\/li>\n<li>\n<p align=\"left\">ExpoPymes: Muestra integral de la Oferta Tur\u00edstica provincial. Rondas de Negocios,.<\/p>\n<\/li>\n<\/ul>\n<p align=\"left\"><strong>Mercado Artesanal<\/strong><\/p>\n<ul>\n<li>\n<p align=\"left\">Es el \u00fanico establecimiento de La Pampa designado Marca Pa\u00eds<\/p>\n<\/li>\n<li>\n<p align=\"left\">Presencia en:<\/p>\n<ul>\n<li>\n<p align=\"left\">Fashion Week en Buenos Aires.<\/p>\n<\/li>\n<li>\n<p align=\"left\">FIT La Rural.<\/p>\n<\/li>\n<li>\n<p align=\"left\">Todo Dise\u00f1o junto con Producci\u00f3n.<\/p>\n<\/li>\n<li>\n<p align=\"left\">La Rural Agropecuaria, Palermo.<\/p>\n<\/li>\n<li>\n<p align=\"left\">Record de ventas 2021.<\/p>\n<\/li>\n<\/ul>\n<\/li>\n<\/ul>\n<p align=\"left\"><strong>Observatorio Tur\u00edstico<\/strong><\/p>\n<ul>\n<li>\n<p align=\"left\">Mejora en las estad\u00edsticas de 2022 con relaci\u00f3n a 2019:<\/p>\n<ul>\n<li>\n<p align=\"left\">Pernoctes: +15%<\/p>\n<\/li>\n<li>\n<p align=\"left\">Cantidad de pasajeros alojados: +8%<\/p>\n<\/li>\n<li>\n<p align=\"left\">Estad\u00eda promedio: +6%<\/p>\n<\/li>\n<li>\n<p align=\"left\">Porcentaje promedio de ocupaci\u00f3n: +14%<\/p>\n<\/li>\n<\/ul>\n<\/li>\n<\/ul>\n<p align=\"left\"><strong>La Pampa premiada por \u00abTurismo Responsable y Sostenible\u00bb<\/strong><br \/>\nLa Pampa recibi\u00f3\u00a0el Premio Turismo Responsable y Sostenible, en su V Edici\u00f3n, que otorgan la Fundaci\u00f3n Intermundial, FITUR y la Organizaci\u00f3n Mundial del Turismo, en la categor\u00eda Destino, en virtud del trabajo realizado en favor de sensibilizar y actuar en concreto fomentando el trabajo registrado y la habilitaci\u00f3n de los prestadores involucrados en la cadena de valor y por realizar una campa\u00f1a con influencers basada en los valores de respeto al ambiente y la cultura local que los j\u00f3venes prescriptores del turismo en las redes sociales pueden contribuir a difundir.\u00a0 Recibi\u00f3 la distinci\u00f3n la titular de la Secretar\u00eda de Turismo,\u00a0quien agradeci\u00f3 y puso de relieve los m\u00e9ritos que la provincia ha desarrollado a lo largo de los a\u00f1os, en defensa de sus bosques de cald\u00e9n y su ambiente, la continuidad de su Mercado Artesanal, la sostenibilidad social con el ejemplo de la Ruta de las Artesan\u00edas del Oeste Pampeano, haber convocado el encuentro de influencers inspirado en los organizados por la Fundaci\u00f3n Intermundial y haber habilitado a prestadores tur\u00edsticos promoviendo el trabajo formal y el emprendedurismo.\u00a0Se ocuparon ocho pabellones del recinto ferial que suponen una superficie neta de 56.700 m2 y una importante presencia internacional con la participaci\u00f3n 107 pa\u00edses, entre destinos y empresas, de los cuales 70 asisten con representaci\u00f3n oficial. En total FITUR reunir\u00e1 a 600 expositores titulares y congregar\u00e1 a 6.933 participantes\n<\/p>\n<p align=\"justify\"><strong>La oferta pampeana en la Feria Internacional de Turismo 2022<\/strong><br \/>\nEn la tercera jornada de Feria Internacional de Turismo (FITUR) el stand de Argentina continu\u00f3 con la participaci\u00f3n institucional de las provincias presentes.\u00a0 La secretaria se refiri\u00f3 en principio a la oferta m\u00e1s tradicional y por la cual es m\u00e1s conocida la Provincia, el turismo rural, con sus estancias que conforman un abanico para escoger el tipo de establecimiento seg\u00fan las actividades y el tipo de servicio, desde un sencillo pero acogedor hostal hasta un restaurante rural ponderado por Trip Advisor y la Revista Lugares.<\/p>\n<p><strong>Primer Circuito Tur\u00edstico en una Salina Pampeana<\/strong><br \/>\nCon el objetivo de ampliar la oferta tur\u00edstica pampeana, se traz\u00f3 un circuito espec\u00edfico que contempla diversos puntos panor\u00e1micos en la salina Colorada Grande, ubicada a 40 kil\u00f3metros aproximadamente de la localidad de General San Mart\u00edn, cumpliendo con todos los protocolos de seguridad. La inauguraci\u00f3n del primer circuito tur\u00edstico educativo salinero de La Pampa responde a un trabajo mancomunado entre el Municipio de la localidad de San Mart\u00edn, la Secretar\u00eda de Turismo, la Secretar\u00eda de Energ\u00eda y Miner\u00eda, y productores mineros locales.<br \/>\nComenz\u00f3 con la inauguraci\u00f3n del circuito realizando el recorrido especialmente se\u00f1alizado para brindar informaci\u00f3n interpretativa sobre la salina al visitante.\u00a0Esta nueva opci\u00f3n para el turismo pampeano responde a los objetivos de gesti\u00f3n del gobernador Sergio Ziliotto: desarrollar la oferta aprovechando los recursos naturales y culturales, apuntando a que haya un protagonismo del trabajo local pensando en los beneficios para la comunidad residente. Tantas veces se escucha la pregunta: \u00bfC\u00f3mo es posible que La Pampa sea una gran proveedora de sal, tenga esos escenarios so\u00f1ados en las salinas y no las aproveche para el turismo? Ambas secretar\u00edas manifestaron su satisfacci\u00f3n por haber avanzado para poder ofrecer la experiencia del turismo minero en La Pampa e invitar a visitar al lugar de donde sale el sabor de la Patagonia<\/p>\n<p><strong>El Parque Luro participar\u00e1 del Global Greening<\/strong><br \/>\nEl gobernador Sergio Zillioto recibi\u00f3 a la embajadora de Irlanda, Jacqueline O&#8217;Halloran Bernstein, qui\u00e9n visita la provincia para inaugurar la C\u00e1tedra Libre Extracurricular de Estudios Irlandeses y de la Di\u00e1spora Irlandesa &#8211; Edna O\u00b4Brien- Colum McCann-. En la reuni\u00f3n particip\u00f3 la secretaria de Turismo\u00a0y la agregada cultural y de prensa de la embajada de Irlanda, Yanina Bevilacqua, quienes abordaron temas relativos al intercambio comercial, cultural, tur\u00edstico y acad\u00e9mico. Se analizaron las posibilidades de cooperaci\u00f3n de la difusi\u00f3n de ambos destinos tur\u00edsticos, la transferencia de conocimientos acerca del turismo rural pampeano y las rutas tem\u00e1ticas irlandesas.<br \/>\nLa embajadora invit\u00f3 al Gobernador a ser part\u00edcipe del acontecimiento mundial que se realiza los 17 de marzo, en conmemoraci\u00f3n al d\u00eda de San Patricio, patrono de Irlanda, cuya fiesta nacional lleva muchos a\u00f1os transpasando fronteras, donde monumentos y lugares emblem\u00e1ticos de todo el mundo se iluminan de color verde -Global Greening- con la finalidad de incentivar las buenas pr\u00e1cticas medioambientales. El Castillo del Parque fue el sitio elegido para la participaci\u00f3n pampeana.<br \/>\n<strong>Temporada de Avistaje de Ciervos en Brama 2022<\/strong><br \/>\nEn un acto de apertura oficial dentro de la Reserva provincial Parque Luro, la Secretar\u00eda de Turismo de La Pampa dio inicio a la temporada de Brama 2022. El lanzamiento expres\u00f3 el compromiso para un turismo practicado de manera responsable y sostenible. La brama es un espect\u00e1culo natural \u00fanico y como todos los a\u00f1os comienza el ritual. El bosque de cald\u00e9n se estremece con el bramido profundo del ciervo colorado, quien se prepara para luchar por conformar y mantener su har\u00e9n de hembras emitiendo un potente sonido o bramido que da nombre a la actividad. Como parte de la ceremonia inaugural se proyect\u00f3 un video institucional y acompa\u00f1ados de gu\u00edas especializados realizaron la excursi\u00f3n hasta los miradores de la Reserva que se han preparado especialmente para esta actividad.<\/p>\n<p><strong>Primer Encuentro Provincial de Turismo del Vino<\/strong><br \/>\nEl organismo\u00a0llev\u00f3 a cabo el Primer Encuentro Provincial de Turismo del Vino enfatizando en el desarrollo vitivin\u00edcola y el turismo como promotor de la actividad en la Provincia. Durante la apertura se\u00a0coment\u00f3 respecto a la relevancia de la gesti\u00f3n provincial en la vitivinicultura y agradeci\u00f3 a los presentes y las autoridades nacionales que accedieron a la convocatoria, la necesidad de juntarnos a pensar el turismo del vino con cifras esperanzadoras y las expectativas que se tienen en \u00e9l.<\/p>\n<p><strong>La Pampa en la\u00a0NeoWorkshop Federal 2022<\/strong><br \/>\nLa Secretar\u00eda de Turismo de La Pampa present\u00f3 la oferta tur\u00edstica provincial en la novena edici\u00f3n NeoWorkshop Federal 2022, uno de los encuentros de comercializaci\u00f3n tur\u00edstica m\u00e1s importante del pa\u00eds. Se\u00a0llev\u00f3 a cabo en\u00a0la ciudad Aut\u00f3noma de Buenos Aires, la novena edici\u00f3n NeoWorkshop Federal 2022, un evento enmarcado en rondas de negocios, presentaciones de productos, capacitaciones, muestras gastron\u00f3micas con representantes de todo el pa\u00eds. Este encuentro conforma una importante herramienta dirigida a fortalecer la comercializaci\u00f3n de la actividad. La\u00a0edici\u00f3n reuni\u00f3\u00a0compradores (tour operadores) y vendedores (prestadores de servicio y operadores receptivos) de todo el pa\u00eds, mutuamente interesados en concretar reuniones, logrando una participaci\u00f3n federal en base a agendas preestablecidas. La provincia de La Pampa particip\u00f3 activamente exponiendo sus principales productos tur\u00edsticos, enfatizando en su Mercado Artesanal y en un turismo de experiencias de turismo rural y cultural, brindando a la vez apoyo institucional a la participaci\u00f3n del chef Ricardo Belfiore quien presenta la gastronom\u00eda patag\u00f3nica con AEHG-Fehgra. Este encuentro de promoci\u00f3n y comercializaci\u00f3n fue organizado por la Federaci\u00f3n de C\u00e1maras de Turismo de la Rep\u00fablica Argentina (FEDECATUR) y la C\u00e1mara Argentina de Turismo (CAT), con el apoyo del Ministerio de Turismo y Deportes de la Naci\u00f3n, CAME, el Consejo Federal de Turismo y Aerol\u00edneas Argentinas como transportador oficia<\/p>\n<p><strong>Tareas de fiscalizaci\u00f3n<\/strong><br \/>\nEl departamento de Fiscalizaci\u00f3n de la Secretar\u00eda de Turismo de La Pampa realiz\u00f3 un recorrido por las localidades de General Pico, Ingeniero Luiggi y La Maruja. En ese contexto personal del Departamento de Fiscalizaci\u00f3n, llev\u00f3 adelante la fiscalizaci\u00f3n anual de siete\u00a0alojamientos en General Pico de distintas clases y categor\u00edas a los que se solicit\u00f3 actualizaciones de tarifas, libros homologados y adecuadas condiciones de las instalaciones. En el marco de las acciones de fiscalizaci\u00f3n, en la localidad de Ingeniero Luiggi se realiz\u00f3 el relevamiento para la reapertura del hotel -Ni\u00f1atum- que luego de 8 a\u00f1os reabre sus puertas habiendo presentado toda la documentaci\u00f3n pertinente para su recategorizaci\u00f3n y cambio de titularidad.<br \/>\nEn La Maruja, se incorpor\u00f3 al registro un nuevo establecimiento -Los Horneros- y los inspectores encargados de estas acciones fueron recibidos adem\u00e1s por Gustavo Fabi\u00e1n Cein, Intendente de la localidad, a quien se puso al tanto de las condiciones actuales de los servicios brindados all\u00ed. Se resalt\u00f3 la importancia del registro provincial y se puso en conocimiento sobre la normativa de alojamientos tur\u00edsticos. Cabe destacar que el registro de los alojamientos es un tr\u00e1mite que no implica un costo extra para los establecimientos y permite a la autoridad de aplicaci\u00f3n velar por la seguridad de los hu\u00e9spedes, la responsabilidad de los titulares y la calidad de los servicios.<\/p>\n<p align=\"justify\"><strong>En la\u00a0Expo PyMEs 2022<\/strong><br \/>\nEn\u00a0el Aut\u00f3dromo Provincia de La Pampa tuvo lugar una nueva edici\u00f3n de Expo PyMEs, con el objetivo de dar a conocer las industrias, productos y servicios en un \u00e1mbito de exposici\u00f3n e intercambio entre p\u00fablico general y delegaciones empresariales. Una nutrida y constante concurrencia de p\u00fablico tuvo la carpa de Turismo en la Expopymes 2022. Prestadores, \u00e1reas naturales protegidas, gu\u00edas y emprendedores promocionaron sus servicios de turismo rural, aventura, turismo ecuestre, astroturismo, turismo termal, ecoturismo, avistaje de aves, alquiler de veh\u00edculos, gu\u00edas y agencia de viajes, municipios y establecimientos de alojamiento.\u00a0La Secretar\u00eda de Turismo acompa\u00f1\u00f3 con actividades l\u00fadicas como una ruleta con preguntas sobre el turismo provincial y una palestra facilitada por el concesionario del Parque Luro, Churrinche. Realiz\u00f3 asimismo una encuesta sobre la procedencia del p\u00fablico, que result\u00f3 en su mayor\u00eda de Santa Rosa y Toay, en la que los visitantes manifestaron sus preferencias y opiniones: coincidieron en que les gustar\u00eda conocer La Adela, el Parque Nacional Lihu\u00e9 Calel, el Oeste, Hucal, las salinas, el Ojo de Agua, las Termas de Larroud\u00e9, Naic\u00f3, las estancias tur\u00edsticas, la Colonia Menonita y Eduardo Castex. Como sitios m\u00e1s conocidos, mencionaron el Parque Luro, el Parque Nacional Lihu\u00e9 Calel, Eduardo Castex, la Colonia Menonita y la Laguna de Utrac\u00e1n. Sobre la carpa de turismo, las opiniones fueron muy positivas y los concurrentes ponderaron la cantidad de informaci\u00f3n a disposici\u00f3n.<\/p>\n<p><strong>Eduardo Castex en el\u00a0programa -Bases para la Gesti\u00f3n Integral de Municipios Tur\u00edsticos Sostenibles<\/strong><br \/>\nLa localidad de Eduardo Castex como municipio tur\u00edstico participa activamente del Programa -Bases para la Gesti\u00f3n Integral de Municipios Tur\u00edsticos Sostenibles- que tiene por objetivo brindar herramientas para potenciar la actividad y mejorar la competitividad de los destinos tur\u00edsticos. Este programa del Ministerio de Turismo y Deportes de la Naci\u00f3n tiene como finalidad que las localidades puedan adaptarse a los protocolos vigentes y fortalecer la gesti\u00f3n a trav\u00e9s de nuevo equipamiento, mejoras de infraestructura y digitalizaci\u00f3n de servicios.<br \/>\nLa Secretar\u00eda de Turismo en modo de reconocimiento por ser el primer\u00a0municipio tur\u00edstico declarado en la Provincia, design\u00f3 a la localidad de Eduardo Castex a participar de este programa.<\/p>\n<p align=\"justify\"><strong>En el<\/strong>\u00a0<strong>Encuentro Regional de Turismo del Vino<\/strong><br \/>\nLa Secretar\u00eda de Turismo estuvo presente junto con el Ente del R\u00edo Colorado, en la 3ra. edici\u00f3n del Encuentro Regional que se llev\u00f3 a cabo en la provincia de Rio Negro y que reuni\u00f3 a los actores de la actividad vitivin\u00edcola de la zona patag\u00f3nica, con el objetivo de brindar herramientas estrat\u00e9gicas para el desarrollo de las econom\u00edas regionales. El mi\u00e9rcoles 7 de junio en la Casa de la Cultura en General Roca, Rio Negro, se llev\u00f3 a cabo el 3\u00b0 Encuentro regional de Turismo del Vino, impulsado por el Ministerio de Turismo y Deportes de la Naci\u00f3n, con la intenci\u00f3n de desarrollar, fortalecer y promocionar el enoturismo a nivel nacional. Durante el panel dedicado a las provincias, la secretaria de Turismo\u00a0realiz\u00f3 una introducci\u00f3n donde remarc\u00f3 la importancia de valorar el atractivo de las bodegas y los vi\u00f1edos pampeanos con una adecuada promoci\u00f3n; se\u00a0detallaron\u00a0los pasos t\u00e9cnicos tales como el relevamiento de los sitios abiertos al turismo para el desarrollo de la oferta y se\u00a0describi\u00f3 el rol y la gesti\u00f3n del Ente del r\u00edo Colorado, as\u00ed como la inversi\u00f3n y acompa\u00f1amiento del Gobierno del gobernador Sergio Ziliotto para con los productores vitivin\u00edcolas. Como parte de la agenda tem\u00e1tica, se present\u00f3 el Plan Argentina Tierra de Vinos, impulsado por la cartera tur\u00edstica nacional; la Corporaci\u00f3n Vitivin\u00edcola Argentina -COVIAR brind\u00f3 una charla sobre comercializaci\u00f3n y se conform\u00f3 un panel donde los representantes de La Pampa describieron c\u00f3mo se est\u00e1 desarrollando la actividad en la Provincia. Se realizaron adem\u00e1s talleres participativos con el prop\u00f3sito de brindar un espacio destinado a congeniar acciones entre los sectores p\u00fablico, privado y acad\u00e9mico que conforman el conjunto o cluster enotur\u00edstico.Participaron adem\u00e1s prestadores tur\u00edsticos, bodegueros, hoteleros, agentes de viajes y sector acad\u00e9mico.<\/p>\n<p><strong>La Pampa particip\u00f3 del Foro Nacional de Turismo<\/strong><br \/>\nTurismo de La Pampa concurri\u00f3 al Foro Nacional de Turismo en la ciudad de Termas de R\u00edo Hondo, Santiago del Estero, con el objetivo de repensar y reconstruir la actividad tur\u00edstica luego de la pandemia. Se llev\u00f3 a cabo recientemente el encuentro, que retoma las convocatorias que prev\u00e9 la Ley Nacional de Turismo, con la intenci\u00f3n de estimular la recuperaci\u00f3n y el desarrollo sostenible de la actividad tur\u00edstica, propiciando un encuentro para la reflexi\u00f3n, el intercambio de experiencias y el impulso de iniciativas innovadoras destinadas a este fin.<br \/>\nLa Secretar\u00eda de Turismo y el Mercado Artesanal de La Pampa exhibieron en la Plaza Federal de las Termas y en la zona destinada a la Regi\u00f3n Patag\u00f3nica, la oferta de atractivos, experiencias y servicios de la Provincia, realizando sorteos, respondiendo a consultas del p\u00fablico y entregando material promocional. Los vinos y los tradicionales chacinados pampeanos tambi\u00e9n fueron protagonistas, a la hora de las degustaciones.<br \/>\nUn tramo del programa del Foro fue dedicado a las experiencias de desarrollo de los destinos emergentes que participaron del Programa Promover Turismo Federal y Sostenible, conducido por la secretaria de Promoci\u00f3n Tur\u00edstica de la Naci\u00f3n, Yanina Mart\u00ednez. Form\u00f3 parte del panel el municipio de La Adela, que fue seleccionado por la Secretar\u00eda de Turismo de La Pampa y el Ministerio de Turismo y Deportes de la Naci\u00f3n para participar del Programa y recibir apoyo para la adquisici\u00f3n de se\u00f1al\u00e9tica, comunicaci\u00f3n y mejoras en la accesibilidad del destino. En el cierre, el p\u00fablico de la Plaza Federal disfrut\u00f3 y aplaudi\u00f3 la actuaci\u00f3n de Laura G\u00f3mez Weizz, quien con su potente voz y calidad interpretativa transmiti\u00f3 el sentir y el alma de su pueblo.<\/p>\n<p align=\"justify\"><strong>Presentaci\u00f3n del programa Pampeano de Calidad Tur\u00edstica<\/strong><br \/>\nLa Secretar\u00eda de Turismo de La Pampa lanz\u00f3 el Programa de Gesti\u00f3n Integral de la Calidad Tur\u00edstica Pampeana con la finalidad de promover una cultura de calidad y mejorar la competitividad de la oferta tur\u00edstica provincial, adaptable y aplicable a la totalidad del territorio pampeano. El objetivo del mismo es promover la implementaci\u00f3n de herramientas para la mejora de la gesti\u00f3n organizacional, con la finalidad de que distintos actores incorporen e internalicen la visi\u00f3n y la cultura de la calidad. Esto favorecer\u00e1, su credibilidad frente a los turistas ya que ser\u00e1 una evidencia objetiva y concreta del compromiso de la organizaci\u00f3n con sus clientes y otras partes interesadas..<\/p>\n<p><strong>El Mercado Artesanal en la Rural de Palermo<\/strong><br \/>\nCon un importante stand, el Mercado Artesanal marca presencia pampeana en la Rural de Palermo. Colores y texturas encantan a los visitantes del stand del Mercado Artesanal de La Pampa, en la 134\u00b0 Exposici\u00f3n de Ganader\u00eda, Agricultura e Industria Internacional que se celebra en el predio ferial del barrio de Palermo, ciudad de Buenos Aires, desde el 21 hasta el 31 de julio. Mates y utensilios en madera de cald\u00e9n, tejidos hilados a mano, cuchiller\u00eda con finos trenzados en cuero, piezas de cer\u00e1mica y figuras de p\u00e1jaros y personajes de la historia pampeana est\u00e1n a la venta y concitan la atenci\u00f3n del p\u00fablico que colma los distintos pabellones y muestran el potencial productivo de La Pampa. Con m\u00e1s de 700 productos de 80 artesanos de distintas localidades, el Mercado Artesanal lleva m\u00e1s de 40 a\u00f1os asistiendo a la muestra que en esta ocasi\u00f3n retom\u00f3 su brillo convocando a miles de visitantes con una gran vidriera que muestra el trabajo y promociona la esencia de nuestra identidad pampeana.<\/p>\n<p align=\"justify\"><strong>General Acha declarado Municipio Tur\u00edstico<\/strong><br \/>\nLa Secretar\u00eda de Turismo declar\u00f3 Municipio Tur\u00edstico de la provincia de La Pampa a la localidad de General Acha. Seg\u00fan la Ley Provincial de Turismo N\u00ba 3092 -que declara al turismo de inter\u00e9s provincial, como actividad socioecon\u00f3mica, estrat\u00e9gica y esencial, para el desarrollo integrado del territorio provincial-, para integrar esa categor\u00eda, los municipios deben contar con una declaratoria de inter\u00e9s por parte de su Concejo Deliberante, un \u00e1rea de turismo con una persona a cargo y un plan de desarrollo tur\u00edstico. Luego de una etapa de consultas y de cooperaci\u00f3n en la que la Secretar\u00eda acompa\u00f1\u00f3 la formulaci\u00f3n del plan en sus diversas etapas con su equipo t\u00e9cnico, General Acha termin\u00f3 de reunir las condiciones establecidas en la normativa y obtuvo la resoluci\u00f3n por parte de la autoridad provincial. Cabe destacar que la localidad en los \u00faltimos a\u00f1os ha desarrollado varios recursos que posibilitan la actividad tur\u00edstica, se han diversificado los distintos tipos de alojamiento en el sector de ingreso a la ciudad destinados a satisfacer la demanda tur\u00edstica local generando adem\u00e1s la instalaci\u00f3n de otros establecimientos gastron\u00f3micos y de entretenimiento. Sin lugar a duda, la actividad tur\u00edstica es una oportunidad estrat\u00e9gica para el desarrollo de la comunidad permitiendo a los productores locales lograr una mejora en la calidad de vida.<\/p>\n<p><strong>La Pampa en\u00a0la Segunda Edici\u00f3n del Congreso Gastron\u00f3mico Iberoamericano<\/strong><br \/>\nLa Secretaria de Turismoa provincial tambi\u00e9n particip\u00f3 de la presentaci\u00f3n del Segundo Congreso Gastron\u00f3mico Iberoamericano Bin\u00f3mico, que se llev\u00f3\u00a0adelante el 24, 25 y 26 de octubre en la ciudad de Huelva, Espa\u00f1a. En ese contexto se particip\u00f3 de\u00a0la inauguraci\u00f3n de esta segunda edici\u00f3n \u201cBin\u00f3mico Congreso Gastron\u00f3mico Iberoamericano\u201d en el Centro Cultural de la Ciencia en la Ciudad Aut\u00f3noma de Buenos Aires que contar\u00e1 con Argentina como pa\u00eds invitado. El\u00a0Congreso Internacional apuesta por la sostenibilidad y aglutina la riqueza gastron\u00f3mica de los 22 pa\u00edses que componen una gran familia iberoamericana. Su principal objetivo es potenciar la cultura, historia y riqueza de la regi\u00f3n a trav\u00e9s de la gastronom\u00eda.<\/p>\n<p><strong>El Mercado Artesanal es Marca Pa\u00eds<\/strong><br \/>\nLas Artesan\u00edas del Mercado Artesanal dependiente de la Secretar\u00eda de Turismo de La Pampa fueron reconocidas como Marca Pa\u00eds representando la Cultura Nacional como s\u00edmbolo de pampeanidad y como una oportunidad que ofrece al visitante extranjero de conocer nuestros productos y valores asociados. Con m\u00e1s de 150 artesanos, el Mercado Artesanal, declarado recientemente como Marca Pa\u00eds Argentina, nutre las vitrinas, estantes y anaqueles con cada pieza tejida, de cer\u00e1mica, de madera, de asta y\/o de cuero. Elementos naturales que se van transformando, en las manos expertas, talentosas y sencillas de nuestra gente, en piezas \u00fanicas, portadoras de saberes y t\u00e9cnicas ancestrales. El Decreto 460\/2021 establece la Marca Pa\u00eds Argentina como una herramienta de promoci\u00f3n de la Rep\u00fablica Argentina que tiene como objetivo impulsar el turismo, las exportaciones, las inversiones y la imagen del pa\u00eds principalmente en los \u00e1mbitos de gastronom\u00eda, arte, cultura, deporte, educaci\u00f3n y desarrollo de valores y autoestima nacional, a nivel nacional e internacional.<br \/>\nEl uso de la misma, implica un compromiso que busca la promoci\u00f3n, el crecimiento del flujo de turistas, la competitividad de las exportaciones argentinas, la atracci\u00f3n de inversiones y la mejora de la imagen del pa\u00eds en general. De esta forma y representando la Cultura Nacional en una vidriera que ofrece al visitante una muestra variada de artesan\u00edas locales, se contribuye al trabajo de cientos de sus hacedores; donde ellos, por su parte, retribuyen con producciones de excelente y magn\u00edfica calidad.<\/p>\n<p><strong>La Pampa y su riqueza gastron\u00f3mica presentes en Espa\u00f1a<\/strong><br \/>\nLa Provincia particip\u00f3\u00a0de la segunda edici\u00f3n del Binomico &#8211; Congreso Gastron\u00f3mico Iberoamericano, en Huelva, Espa\u00f1a, donde la Argentina es Pa\u00eds Invitado. El encuentro internacional, bajo el lema Somos Origen, contempla conferencias, talleres y debates de expertos internacionales, en la localidad espa\u00f1ola que fuera Capital de la Gastronom\u00eda en 2017, conocida por la riqueza, calidad y variedad de sus productos. Hubo\u00a0una serie de puestos durante 4 d\u00edas en la plaza de las Monjas de Huelva, con gran protagonismo de chefs y cocineros argentinos, algunos residentes en Espa\u00f1a y Mercado de Productos Argentinos. La Pampa puso\u00a0\u00e9nfasis en la carne y los vinos pampeanos y Chubut en el cordero patag\u00f3nico y los frutos de mar.\u00a0El objetivo fue difundir y posicionar la carne pampeana como nave insignia de un producto tur\u00edstico de demanda internacional para el que la provincia est\u00e1 extraordinariamente dotada de ventajas comparativas y competitivas: materia prima de excelente calidad, know-how en la cr\u00eda y procesamiento de la carne y expertise en la preparaci\u00f3n de platos tradicionales e innovadores, as\u00ed como una sinergia p\u00fablico-privada decidida a abrir mercados, tanto desde el sector productivo como desde el tur\u00edstico.<\/p>\n<p><strong>Jornadas de Desarrollo Tur\u00edstico en Jacinto Arauz<\/strong><br \/>\nLa Secretar\u00eda de Turismo junto a la Secretar\u00eda de Energ\u00eda y Miner\u00eda, impartieron en la localidad de Jacinto Arauz, Jornadas de Desarrollo Tur\u00edstico -Salinas La Colorada Chica-<br \/>\nLa propuesta convoc\u00f3 al p\u00fablico en general, gu\u00edas y prestadores tur\u00edsticos y estuvo a cargo del equipo t\u00e9cnico de la Subsecretar\u00eda de Desarrollo Tur\u00edstico y la Direcci\u00f3n de Hidrocarburos y Miner\u00eda. En este primer encuentro se debatieron temas relacionados a la importancia del turismo en el desarrollo social y miner\u00eda sostenible. Despu\u00e9s del mediod\u00eda, el programa continu\u00f3 con una capacitaci\u00f3n sobre las medidas de seguridad y t\u00e9cnicas para las visitas guiadas en salinas. El\u00a0programa organizado por las Secretar\u00edas de Turismo y Energ\u00eda y Miner\u00eda tuvo como finalidad continuar con el desarrollo del producto tur\u00edstico -Turismo de la Sal- como una actividad de desarrollo sostenible y generadora de empleo local.<\/p>\n<p><strong>Sello Pampeano de Calidad Tur\u00edstica<\/strong><br \/>\nLa Secretar\u00eda de Turismo de La Pampa present\u00f3 el Sello Pampeano de Calidad Tur\u00edstica con la finalidad de promover una cultura de calidad y mejorar la competitividad de la oferta tur\u00edstica provincial, adaptable y aplicable a la totalidad del territorio pampeano. El programa de Gesti\u00f3n Integral de Calidad Tur\u00edstica, que fue llevado a cabo con la cooperaci\u00f3n brindada por el Consejo Federal de Inversiones -CFI-, tuvo por objetivo promover la implementaci\u00f3n de herramientas para la mejora de la gesti\u00f3n organizacional. En tal sentido, la Secretar\u00eda de Turismo program\u00f3 la realizaci\u00f3n de acciones para que los alojamientos tur\u00edsticos de la provincia puedan implementar el Sello Pampeano de Calidad Tur\u00edstica. La metodolog\u00eda de implementaci\u00f3n para lograr la distinci\u00f3n estuvo compuesta por distintas etapas: en primera instancia se realiz\u00f3 un mapeo de la provincia identificando las necesidades de cada alojamiento para luego designar a los prestadores que podr\u00edan aplicar al sello. Las siguientes etapas fueron sesiones de capacitaci\u00f3n y asistencias t\u00e9cnicas individuales a los efectos de asegurar la comprensi\u00f3n de cada uno de los contenidos y finalmente la evaluaci\u00f3n de la conformidad para observar el grado de cumplimiento de cada una de las organizaciones.<br \/>\nEn este marco, recibieron la distinci\u00f3n, 29 alojamientos tur\u00edsticos distribuidos en toda la provincia, Santa Rosa, Macach\u00edn, Naico, Eduardo Castex, General Pico, Intendente Alvear, Casa de Piedra, General Acha, Quehue, Carro Quemado, Santa Isabel, Tel\u00e9n, Victorica, Bernardo Larroud\u00e9, Rancul y Realic\u00f3.<\/p>\n<p align=\"justify\"><strong>Victorica es Municipio Tur\u00edstico<\/strong><br \/>\nDe conformidad con lo establecido en la Ley 3092 y su decreto reglamentario 3257\/20, el municipio fue declarado Municipio Tur\u00edstico. La Secretar\u00eda de Turismo de La Pampa fue sede de la presentaci\u00f3n del Plan de Desarrollo tur\u00edstico de la localidad de Victorica con el objetivo de definir l\u00edneas de acci\u00f3n estrat\u00e9gicas necesarias para el desarrollo del turismo de manera sustentable y competitiva. Luego de una etapa de consultas y de cooperaci\u00f3n en la que la Secretar\u00eda acompa\u00f1\u00f3 la formulaci\u00f3n del plan en sus diversas etapas, Victorica termin\u00f3 de reunir las condiciones establecidas en la normativa y obtuvo la resoluci\u00f3n por parte de la autoridad provincial. Cabe destacar que la localidad desarroll\u00f3\u00a0importantes recursos en pos de la actividad tur\u00edstica y dise\u00f1o su plan basado en cuatro programas principales con objetivos reales y alcanzables: Programa de Desarrollo de la Oferta;\u00a0Programa de Se\u00f1al\u00e9tica,\u00a0Programa de Promoci\u00f3n\u00a0 y Programa de Capacitaci\u00f3n Tur\u00edstica<\/p>\n<p align=\"justify\">\n<\/div>\n","protected":false},"excerpt":{"rendered":"<p>Desde la Secretar\u00eda&#8230;<\/p>\n","protected":false},"author":2,"featured_media":2158,"comment_status":"open","ping_status":"open","sticky":false,"template":"","format":"standard","meta":{"_jetpack_memberships_contains_paid_content":false,"footnotes":""},"categories":[32,33],"tags":[],"class_list":["post-2157","post","type-post","status-publish","format-standard","has-post-thumbnail","hentry","category-noticias","category-turismo"],"jetpack_featured_media_url":"https:\/\/i0.wp.com\/zpyme.com.ar\/lapampa\/wp-content\/uploads\/2023\/01\/286924_286924_whatsapp-image-2022-10-01-at-21.52.28.jpeg?fit=1280%2C847&ssl=1","jetpack_sharing_enabled":true,"jetpack_likes_enabled":false,"_links":{"self":[{"href":"https:\/\/zpyme.com.ar\/lapampa\/wp-json\/wp\/v2\/posts\/2157","targetHints":{"allow":["GET"]}}],"collection":[{"href":"https:\/\/zpyme.com.ar\/lapampa\/wp-json\/wp\/v2\/posts"}],"about":[{"href":"https:\/\/zpyme.com.ar\/lapampa\/wp-json\/wp\/v2\/types\/post"}],"author":[{"embeddable":true,"href":"https:\/\/zpyme.com.ar\/lapampa\/wp-json\/wp\/v2\/users\/2"}],"replies":[{"embeddable":true,"href":"https:\/\/zpyme.com.ar\/lapampa\/wp-json\/wp\/v2\/comments?post=2157"}],"version-history":[{"count":1,"href":"https:\/\/zpyme.com.ar\/lapampa\/wp-json\/wp\/v2\/posts\/2157\/revisions"}],"predecessor-version":[{"id":2159,"href":"https:\/\/zpyme.com.ar\/lapampa\/wp-json\/wp\/v2\/posts\/2157\/revisions\/2159"}],"wp:featuredmedia":[{"embeddable":true,"href":"https:\/\/zpyme.com.ar\/lapampa\/wp-json\/wp\/v2\/media\/2158"}],"wp:attachment":[{"href":"https:\/\/zpyme.com.ar\/lapampa\/wp-json\/wp\/v2\/media?parent=2157"}],"wp:term":[{"taxonomy":"category","embeddable":true,"href":"https:\/\/zpyme.com.ar\/lapampa\/wp-json\/wp\/v2\/categories?post=2157"},{"taxonomy":"post_tag","embeddable":true,"href":"https:\/\/zpyme.com.ar\/lapampa\/wp-json\/wp\/v2\/tags?post=2157"}],"curies":[{"name":"wp","href":"https:\/\/api.w.org\/{rel}","templated":true}]}}