{"id":1831,"date":"2022-09-17T09:42:18","date_gmt":"2022-09-17T12:42:18","guid":{"rendered":"https:\/\/zpyme.com.ar\/lapampa\/?p=1831"},"modified":"2022-09-17T09:42:18","modified_gmt":"2022-09-17T12:42:18","slug":"el-presupuesto-2023-incluye-blanqueo-de-dolares-para-pagar-importaciones-y-comprar-viviendas-usadas","status":"publish","type":"post","link":"https:\/\/zpyme.com.ar\/lapampa\/2022\/09\/17\/el-presupuesto-2023-incluye-blanqueo-de-dolares-para-pagar-importaciones-y-comprar-viviendas-usadas\/","title":{"rendered":"El Presupuesto 2023 incluye blanqueo de d\u00f3lares para pagar importaciones y comprar viviendas usadas"},"content":{"rendered":"<p>El proyecto de la\u00a0ley de Presupuesto 2023 que el Gobierno nacional envi\u00f3 al Congreso\u00a0incluye dos art\u00edculos que establecen blanqueos de d\u00f3lares para el pago de importaciones de insumos y servicios destinados a procesos productivos, y para la construcci\u00f3n de proyectos inmobiliarios como tambi\u00e9n para la adquisici\u00f3n de viviendas usadas.<\/p>\n<p>Las medidas, dispuestas en los\u00a0<strong>art\u00edculos 71 y 72 del proyecto de m\u00e1s de 4.800 p\u00e1ginas que ingres\u00f3 el jueves en el Congreso<\/strong>, eran reclamadas desde distintos sectores del empresariado, como la C\u00e1mara Inmobiliaria Argentina (CIA) o la Confederaci\u00f3n General Empresaria (Cgera).<\/p>\n<h2 class=\"\">Construcci\u00f3n e inmuebles<\/h2>\n<p>El art\u00edculo 71 establece una enmienda a la ley 27.679 de blanqueo para la construcci\u00f3n, a los fines de incorporar en esa normativa\u00a0<strong>un permiso para la \u00abla adquisici\u00f3n de un inmueble usado que sea afectado: i) con destino exclusivo a casa-habitaci\u00f3n del declarante de los fondos y su familia, o ii) por un plazo no inferior a diez a\u00f1os, a la locaci\u00f3n con destino exclusivo a casa-habitaci\u00f3n del locatario y su familia\u00bb<\/strong>.<\/p>\n<p>Es decir, con esta modificaci\u00f3n se permite que los fondos declarados en el marco del vigente r\u00e9gimen de blanqueo para la construcci\u00f3n sean tambi\u00e9n utilizados para la compra de viviendas usadas.<\/p>\n<p>El texto detalla, adem\u00e1s, que en ambos casos, \u00absu valor de adquisici\u00f3n deber\u00e1 resultar igual o inferior a dos veces el importe previsto en el segundo p\u00e1rrafo del art\u00edculo 24 de la Ley de Impuesto sobre los Bienes Personales, texto ordenado en 1997 y sus modificaciones, vigente al 31 de diciembre del per\u00edodo fiscal inmediato anterior al de la mencionada adquisici\u00f3n\u00bb.<\/p>\n<p>En los hechos, ese \u00edtem implica que actualmente el valor de adquisici\u00f3n del inmueble debe ser igual o inferior a US$ 399.547, c\u00e1lculo que surge de dividir el doble del importe previsto en Bienes Personales ($30 millones x 2) sobre la cotizaci\u00f3n actual del d\u00f3lar oficial ($150,17), valor que se actualiza cada a\u00f1o.<\/p>\n<p>El blanqueo para inmuebles usados era reclamado por las entidades del sector, y en ese sentido el presidente de la C\u00e1mara Inmobiliaria Argentina (CIA), Alejandro Bennazar, dijo a T\u00e9lam que \u00abva a dar grandes resultados y generar un empuje muy fuerte en el mercado inmobiliario. Si hacemos la difusi\u00f3n correspondiente esto va a dinamizar el mercado en gran manera\u00bb.<\/p>\n<p>\u00abLas casas usadas que se compran, generalmente requieren refacciones, con lo que tambi\u00e9n la medida tendr\u00e1 un impacto sobre la actividad de la construcci\u00f3n y rubros aleda\u00f1os\u00bb, agreg\u00f3 el titular de CIA.<\/p>\n<p>Por su parte, en di\u00e1logo con T\u00e9lam,\u00a0<strong>el presidente de la C\u00e1mara Argentina de la Construcci\u00f3n (Camarco), Gustavo Weiss, afirm\u00f3 que la medida \u00abayudar\u00e1 a dinamizar al sector inmobiliario que hoy est\u00e1 con muy poca actividad, con cantidad de transacciones en sus m\u00ednimos hist\u00f3ricos\u00bb<\/strong>.<\/p>\n<p>No obstante, advirti\u00f3 que \u00abdesde el punto de vista de la industria de la construcci\u00f3n esto va a hacer que haya dinero que se derive a comprar viviendas terminadas y no a proyectos en construcci\u00f3n\u00bb.<\/p>\n<p>Por otro lado, el art\u00edculo 72 crea el \u00abR\u00e9gimen de Incentivo a la Inversi\u00f3n y Producci\u00f3n Argentina\u00bb, mediante el cual se podr\u00e1 \u00abdeclarar de manera voluntaria\u00bb ante la Administraci\u00f3n Federal de Ingresos P\u00fablicos (AFIP) la tenencia de \u00abmoneda extranjera en el pa\u00eds y en el exterior\u00bb dentro de un plazo de 360 d\u00edas desde la entrada en vigencia del R\u00e9gimen.<\/p>\n<h2 class=\"\">Importaciones<\/h2>\n<p>A continuaci\u00f3n, el texto especifica que los fondos \u00abdeber\u00e1n afectarse, \u00fanicamente, al giro de divisas por el pago de importaciones para consumo, incluidos servicios, destinados a procesos productivos, no siendo aplicable en estos casos el Sistema de Capacidad Econ\u00f3mica Financiera operativizado por la AFIP y debiendo dicho organismo implementar un esquema espec\u00edfico de Sistema Integral de Monitoreo de Importaciones (SIMI) para estos giros\u00bb.<\/p>\n<p>Seg\u00fan lo especificado, el dinero declarado \u00abdeber\u00e1 depositarse en una Cuenta Especial de Dep\u00f3sito y Cancelaci\u00f3n para la Inversi\u00f3n y Producci\u00f3n Argentina (CeproAr)\u00bb, y quedar\u00e1n exentos de la posibilidad de blanqueo los d\u00f3lares provenientes de delitos como lavado de activos y financiaci\u00f3n del terrorismo.<\/p>\n<p>Adem\u00e1s del plazo de casi un a\u00f1o para el blanqueo,\u00a0<strong>la medida fija un impuesto especial cuya al\u00edcuota ser\u00e1 del 5% de lo declarado si se hace dentro de los primeros 90 d\u00edas de creado el r\u00e9gimen; del 10% si se hace en los siguientes 90 d\u00edas; y del 20% si se realiza en los \u00faltimos 180 d\u00edas<\/strong>.<\/p>\n<p>Al respecto, el presidente de la Confederaci\u00f3n General Empresaria (Cgera), Marcelo Fern\u00e1ndez, \u00abcelebr\u00f3\u00bb la iniciativa y destac\u00f3 que la entidad \u00abhab\u00eda puesto mucho \u00e9nfasis en la necesidad de colaborar con la escasez de divisas y poder blanquear esos d\u00f3lares que est\u00e1n en poder de empresas y empresarios\u00bb.<\/p>\n<p>\u00abAhora es necesario trabajar muy fuerte y los empresarios pymes queremos ayudar a que levante la producci\u00f3n nacional y que el mercado interno tenga el desarrollo que queremos con recuperaci\u00f3n econ\u00f3mica\u00bb, agreg\u00f3 Fern\u00e1ndez.<\/p>\n<p>D\u00edas atr\u00e1s, Cgera le hab\u00eda acercado al secretario de Comercio, Mat\u00edas Tombolini, un proyecto en ese sentido para que las pymes puedan importar insumos y maquinarias.<\/p>\n<p>El Gobierno Nacional envi\u00f3 el proyecto de Presupuesto 2023 que contempla un gasto general de casi 29 billones de pesos, un crecimiento del 2%, una inflaci\u00f3n estimada en el 60%, y un descenso del d\u00e9ficit fiscal del 2,5 al 1,9%.<\/p>\n<p>El proyecto de Presupuesto 2023 dise\u00f1ado por el Gobierno Nacional donde se contemplan los gastos y recursos para el pr\u00f3ximo a\u00f1o ingres\u00f3 anoche pasadas las 23.30 a la C\u00e1mara de Diputados.<\/p>\n","protected":false},"excerpt":{"rendered":"<p>El proyecto de&#8230;<\/p>\n","protected":false},"author":2,"featured_media":1832,"comment_status":"open","ping_status":"open","sticky":false,"template":"","format":"standard","meta":{"_jetpack_memberships_contains_paid_content":false,"footnotes":""},"categories":[36,35,32],"tags":[],"class_list":["post-1831","post","type-post","status-publish","format-standard","has-post-thumbnail","hentry","category-empresas","category-finanzas","category-noticias"],"jetpack_featured_media_url":"https:\/\/i0.wp.com\/zpyme.com.ar\/lapampa\/wp-content\/uploads\/2022\/09\/618952f351075_900.jpg?fit=900%2C506&ssl=1","jetpack_sharing_enabled":true,"jetpack_likes_enabled":false,"_links":{"self":[{"href":"https:\/\/zpyme.com.ar\/lapampa\/wp-json\/wp\/v2\/posts\/1831","targetHints":{"allow":["GET"]}}],"collection":[{"href":"https:\/\/zpyme.com.ar\/lapampa\/wp-json\/wp\/v2\/posts"}],"about":[{"href":"https:\/\/zpyme.com.ar\/lapampa\/wp-json\/wp\/v2\/types\/post"}],"author":[{"embeddable":true,"href":"https:\/\/zpyme.com.ar\/lapampa\/wp-json\/wp\/v2\/users\/2"}],"replies":[{"embeddable":true,"href":"https:\/\/zpyme.com.ar\/lapampa\/wp-json\/wp\/v2\/comments?post=1831"}],"version-history":[{"count":2,"href":"https:\/\/zpyme.com.ar\/lapampa\/wp-json\/wp\/v2\/posts\/1831\/revisions"}],"predecessor-version":[{"id":1834,"href":"https:\/\/zpyme.com.ar\/lapampa\/wp-json\/wp\/v2\/posts\/1831\/revisions\/1834"}],"wp:featuredmedia":[{"embeddable":true,"href":"https:\/\/zpyme.com.ar\/lapampa\/wp-json\/wp\/v2\/media\/1832"}],"wp:attachment":[{"href":"https:\/\/zpyme.com.ar\/lapampa\/wp-json\/wp\/v2\/media?parent=1831"}],"wp:term":[{"taxonomy":"category","embeddable":true,"href":"https:\/\/zpyme.com.ar\/lapampa\/wp-json\/wp\/v2\/categories?post=1831"},{"taxonomy":"post_tag","embeddable":true,"href":"https:\/\/zpyme.com.ar\/lapampa\/wp-json\/wp\/v2\/tags?post=1831"}],"curies":[{"name":"wp","href":"https:\/\/api.w.org\/{rel}","templated":true}]}}