{"id":1604,"date":"2022-04-27T14:50:11","date_gmt":"2022-04-27T17:50:11","guid":{"rendered":"https:\/\/zpyme.com.ar\/lapampa\/?p=1604"},"modified":"2022-04-27T14:50:11","modified_gmt":"2022-04-27T17:50:11","slug":"capacitacion-para-empresas-participantes-de-expopymes-2022","status":"publish","type":"post","link":"https:\/\/zpyme.com.ar\/lapampa\/2022\/04\/27\/capacitacion-para-empresas-participantes-de-expopymes-2022\/","title":{"rendered":"Capacitaci\u00f3n para empresas participantes de ExpoPyMEs 2022"},"content":{"rendered":"<header>\n<blockquote>\n<h4 class=\"nota-detalle-titulo\"><strong><span style=\"color: #ff9900;\"><em><span style=\"font-size: 16px;\">Se capacitar\u00e1n a empresas para participar de las Rondas de Negocios nacionales e internacionales en el marco de ExpoPyMEs.\u00a0\u00a0<\/span><\/em><\/span><\/strong><\/h4>\n<\/blockquote>\n<\/header>\n<div class=\"nota-detalle-cuerpo\">La Agencia I-COMEX La Pampa junto al CFI y el Ministerio de la Producci\u00f3n convocan a empresas a participar en las capacitaciones virtuales orientadas a la participaci\u00f3n en las rondas de negocios que tendr\u00e1n lugar en el marco de ExpoPyMEs 2022:<\/p>\n<ul>\n<li>El d\u00eda\u00a0<strong>viernes 29 de abril a las 10:00<\/strong>,\u00a0habr\u00e1 un espacio de formaci\u00f3n orientado a la Preparaci\u00f3n para participar de\u00a0<strong>Rondas de Negocios Internacionales.<\/strong><\/li>\n<li>El\u00a0<strong>lunes 2 de mayo a las 10:00,\u00a0<\/strong>tendr\u00e1 lugar la capacitaci\u00f3n sobre Aspectos a tener en cuenta para participar en las\u00a0<strong>Rondas de Negocios Nacionales.<\/strong><\/li>\n<\/ul>\n<p>En ambos casos tambi\u00e9n se explicar\u00e1 la plataforma de negocios a trav\u00e9s de la cual se coordinar\u00e1n las reuniones ya sea presenciales o virtuales.<br \/>\nPara participar las empresas deben completar el siguiente formulario de inscripci\u00f3n\u00a0<a href=\"https:\/\/forms.gle\/VbBYwXWLPiefTT3F8\">https:\/\/forms.gle\/VbBYwXWLPiefTT3F8<\/a>\u00a0y se les enviar\u00e1 el link de conexi\u00f3n.<br \/>\nSi bien la convocatoria est\u00e1 abierta al p\u00fablico en general est\u00e1 especialmente dirigida a aquellas empresas inscriptas en el evento.<br \/>\nLas rondas de negocios son espacios de vinculaci\u00f3n que buscan relacionar contrapartes en un mismo evento para trabajar en sinergias comerciales generando nuevas oportunidades y espacios potenciales de intercambio.<br \/>\nEl objetivo del espacio formativo es que las empresas lleguen preparadas al evento de negocios planificando de forma eficiente las reuniones. Para esto se tratar\u00e1n temas como: definir la presentaci\u00f3n de la empresa de acuerdo a los tiempos pautados, el material que se debe preparar para la reuni\u00f3n, c\u00f3mo presentar los productos\/ servicios de manera atractiva, el seguimiento de los contactos luego de la ronda, etc. Estar\u00e1 a cargo de Mariano Mastr\u00e1ngelo especialista en el tema.<br \/>\nPor consultas pueden escribir a:\u00a0 rondasdenegocios@icomexlapampa.org.\n<\/div>\n<footer>\n<div class=\"row\">\n<div class=\"col-md-12 col-xs-12\"><\/div>\n<\/div>\n<\/footer>\n","protected":false},"excerpt":{"rendered":"<p>Se capacitar\u00e1n a&#8230;<\/p>\n","protected":false},"author":2,"featured_media":1605,"comment_status":"open","ping_status":"open","sticky":false,"template":"","format":"standard","meta":{"_jetpack_memberships_contains_paid_content":false,"footnotes":""},"categories":[36,39,32],"tags":[],"class_list":["post-1604","post","type-post","status-publish","format-standard","has-post-thumbnail","hentry","category-empresas","category-eventos","category-noticias"],"jetpack_featured_media_url":"https:\/\/i0.wp.com\/zpyme.com.ar\/lapampa\/wp-content\/uploads\/2022\/04\/164135_whatsapp-image-2022-04-26-at-08.48.58.jpeg?fit=1080%2C1080&ssl=1","jetpack_sharing_enabled":true,"jetpack_likes_enabled":false,"_links":{"self":[{"href":"https:\/\/zpyme.com.ar\/lapampa\/wp-json\/wp\/v2\/posts\/1604","targetHints":{"allow":["GET"]}}],"collection":[{"href":"https:\/\/zpyme.com.ar\/lapampa\/wp-json\/wp\/v2\/posts"}],"about":[{"href":"https:\/\/zpyme.com.ar\/lapampa\/wp-json\/wp\/v2\/types\/post"}],"author":[{"embeddable":true,"href":"https:\/\/zpyme.com.ar\/lapampa\/wp-json\/wp\/v2\/users\/2"}],"replies":[{"embeddable":true,"href":"https:\/\/zpyme.com.ar\/lapampa\/wp-json\/wp\/v2\/comments?post=1604"}],"version-history":[{"count":1,"href":"https:\/\/zpyme.com.ar\/lapampa\/wp-json\/wp\/v2\/posts\/1604\/revisions"}],"predecessor-version":[{"id":1606,"href":"https:\/\/zpyme.com.ar\/lapampa\/wp-json\/wp\/v2\/posts\/1604\/revisions\/1606"}],"wp:featuredmedia":[{"embeddable":true,"href":"https:\/\/zpyme.com.ar\/lapampa\/wp-json\/wp\/v2\/media\/1605"}],"wp:attachment":[{"href":"https:\/\/zpyme.com.ar\/lapampa\/wp-json\/wp\/v2\/media?parent=1604"}],"wp:term":[{"taxonomy":"category","embeddable":true,"href":"https:\/\/zpyme.com.ar\/lapampa\/wp-json\/wp\/v2\/categories?post=1604"},{"taxonomy":"post_tag","embeddable":true,"href":"https:\/\/zpyme.com.ar\/lapampa\/wp-json\/wp\/v2\/tags?post=1604"}],"curies":[{"name":"wp","href":"https:\/\/api.w.org\/{rel}","templated":true}]}}