{"id":1601,"date":"2022-04-25T15:21:00","date_gmt":"2022-04-25T18:21:00","guid":{"rendered":"https:\/\/zpyme.com.ar\/lapampa\/?p=1601"},"modified":"2022-04-25T15:21:00","modified_gmt":"2022-04-25T18:21:00","slug":"la-ministra-fernanda-gonzalez-representa-a-la-pampa-en-la-gira-por-israel","status":"publish","type":"post","link":"https:\/\/zpyme.com.ar\/lapampa\/2022\/04\/25\/la-ministra-fernanda-gonzalez-representa-a-la-pampa-en-la-gira-por-israel\/","title":{"rendered":"La ministra Fernanda Gonz\u00e1lez representa a La Pampa en la gira por Israel"},"content":{"rendered":"<blockquote>\n<h4 class=\"lead nota-detalle-bajada\"><span style=\"color: #ff9900;\"><em><strong>Fernanda Gonz\u00e1lez forma parte de la misi\u00f3n que, por estas horas, encabeza el ministro del Interior, Wado de Pedro; en Israel. Gonz\u00e1lez destac\u00f3 la importancia de la experiencia israel\u00ed en los temas h\u00eddricos que preocupan a La Pampa: \u201ctenemos que ser eficientes, prudentes y serios en la utilizaci\u00f3n de un recurso escaso\u201d enfatiz\u00f3. \u00a0<\/strong><\/em><\/span><\/h4>\n<\/blockquote>\n<div class=\"nota-detalle-cuerpo\">\u201cVengo en representaci\u00f3n del gobernador Sergio Zliotto\u201d, dijo Fernanda Gonz\u00e1lez. Y luego de agradecer al secretario del CFI, ministro y embajadora y vicejefe de Gabinete por recibir a La Pampa, explic\u00f3 que \u201cen nuestra provincia las actividades m\u00e1s fuertes son la ganadera y la agricultura\u201d.<br \/>\n\u201cTenemos -especific\u00f3 la titular de la cartera de la Producci\u00f3n- un \u00e1rea bajo riego muy importante, que ha ido creciendo estos \u00faltimos a\u00f1os y va dentro de los ejes que ha propuesto el gobernador de diversificar la matriz productiva, \u00a0asoci\u00e1ndola al uso del agua que es un recurso escaso, y tambi\u00e9n est\u00e1 asociado al cambio clim\u00e1tico\u201d.<br \/>\nTambi\u00e9n explic\u00f3 que \u201cel d\u00e9ficit h\u00eddrico ocasionado por la nevadas nos afecta directamente y es muy importante poder ver todos los proyectos que se desarrollan ac\u00e1 en Israel, porque ante ese d\u00e9ficit tenemos que ser m\u00e1s eficientes, prudentes y serios al querer promover y desarrollar nuevas \u00e1reas bajo riego para que se le d\u00e9 el mejor uso posible. Para nosotros es muy importantes compartir y estar con ustedes ac\u00e1\u201d.<\/p>\n<p><strong>La misi\u00f3n<\/strong><br \/>\nLa misi\u00f3n est\u00e1 integrada, adem\u00e1s de Wado de Pedro, por los titulares de las carteras de Agricultura, Ganader\u00eda y Pesca, Juli\u00e1n Dom\u00ednguez; y de Ciencia y Tecnolog\u00eda, Daniel Filmus. Tambi\u00e9n participan los gobernadores de Catamarca, Ra\u00fal Jalil; de Entre R\u00edos, Gustavo Bordet; de Formosa, Gildo Insfr\u00e1n; de Mendoza, Rodolfo Su\u00e1rez; de R\u00edo Negro, Arabela Carreras; de San Juan, Sergio U\u00f1ac; y de Santa Cruz, Alicia Kirchner. A estos mandatarios y funcionarios se suman Adolfo Scaglioni, ministro de Agua y Energ\u00eda de La Rioja; representantes de Santiago del Estero, y senadores nacionales y equipos t\u00e9cnicos provinciales.<\/p>\n<p><strong>\u201cPensar la Argentina del futuro!\u201d<\/strong><br \/>\nEl ministro del Interior, Wado de Pedro, se\u00f1al\u00f3 durante su arribo a Israel que \u201cesta misi\u00f3n es para pensar la Argentina del futuro junto a todos los gobernadores\u201d. El titular de Interior realiz\u00f3 estas declaraciones durante una rueda de prensa en el hotel Dan de Tel Aviv, en el marco de la misi\u00f3n de cooperaci\u00f3n cient\u00edfico-tecnol\u00f3gica del manejo del agua en ese pa\u00eds, y que est\u00e1 integrada por ministros nacionales, gobernadores, gobernadoras y representantes de 10 provincias de todas las regiones de Argentina; as\u00ed como el vicejefe de Gabinete, Jorge Neme; y el secretario general del Consejo Federal de Inversiones (CFI), Ignacio Lamothe.<br \/>\n\u201cA 40 a\u00f1os de democracia, lleg\u00f3 la hora de que la gesti\u00f3n gubernamental piense de manera estrat\u00e9gica, a largo plazo y, sobre todo, con la mirada puesta en las pr\u00f3ximas generaciones\u201d, al tiempo que se\u00f1al\u00f3 que el principal objetivo de esta gira es \u201canalizar la experiencia de Israel, pa\u00eds que cuadruplic\u00f3 su superficie productiva en 50 a\u00f1os y multiplic\u00f3 por 20 su producci\u00f3n en ese mismo tiempo\u201d, enfatiz\u00f3 el titular de Interior, quien estuvo acompa\u00f1ado adem\u00e1s por la embajadora de Israel en Argentina, Galit Ronen.<\/p>\n<p><strong>\u201cUn verdadero federalismo\u201d<\/strong><br \/>\nEn otro tramo, de Pedro record\u00f3 que esta misi\u00f3n surgi\u00f3 \u201cpor iniciativa de los gobernadores y gobernadoras de nuestro pa\u00eds a la hora de pensar la Argentina del futuro, apuntando a incrementar la producci\u00f3n mediante obras h\u00eddricas, y un correcto manejo y gesti\u00f3n del agua\u201d.<br \/>\nEn ese contexto, Wado de Pedro llam\u00f3 a \u201cpensar en un verdadero federalismo, con empleo genuino en cada regi\u00f3n de Argentina, de manera de terminar con la inercia que llev\u00f3 a concentrar a la mayor\u00eda de la poblaci\u00f3n alrededor del puerto de Buenos Aires\u201d.<\/p>\n<p><strong>Producci\u00f3n y empleo<\/strong><br \/>\n\u201cUno de los prop\u00f3sitos que tenemos como argentinos y argentinas apunta a poder producir y a exportar m\u00e1s, de modo de generar empleo genuino para cada uno de nuestros habitantes\u201d, sentenci\u00f3 de Pedro, quien agreg\u00f3: \u201cTenemos que celebrar que Argentina tiene hoy aqu\u00ed a la mitad de sus gobernadores provinciales pensando en un recurso estrat\u00e9gico como es el agua, teniendo en cuenta, sobre todo, a las pr\u00f3ximas generaciones\u201d.<\/div>\n","protected":false},"excerpt":{"rendered":"<p>Fernanda Gonz\u00e1lez forma&#8230;<\/p>\n","protected":false},"author":2,"featured_media":1602,"comment_status":"open","ping_status":"open","sticky":false,"template":"","format":"standard","meta":{"_jetpack_memberships_contains_paid_content":false,"footnotes":""},"categories":[35,32],"tags":[],"class_list":["post-1601","post","type-post","status-publish","format-standard","has-post-thumbnail","hentry","category-finanzas","category-noticias"],"jetpack_featured_media_url":"https:\/\/i0.wp.com\/zpyme.com.ar\/lapampa\/wp-content\/uploads\/2022\/04\/332994_img-20220423-wa0041.jpg?fit=1280%2C853&ssl=1","jetpack_sharing_enabled":true,"jetpack_likes_enabled":false,"_links":{"self":[{"href":"https:\/\/zpyme.com.ar\/lapampa\/wp-json\/wp\/v2\/posts\/1601","targetHints":{"allow":["GET"]}}],"collection":[{"href":"https:\/\/zpyme.com.ar\/lapampa\/wp-json\/wp\/v2\/posts"}],"about":[{"href":"https:\/\/zpyme.com.ar\/lapampa\/wp-json\/wp\/v2\/types\/post"}],"author":[{"embeddable":true,"href":"https:\/\/zpyme.com.ar\/lapampa\/wp-json\/wp\/v2\/users\/2"}],"replies":[{"embeddable":true,"href":"https:\/\/zpyme.com.ar\/lapampa\/wp-json\/wp\/v2\/comments?post=1601"}],"version-history":[{"count":1,"href":"https:\/\/zpyme.com.ar\/lapampa\/wp-json\/wp\/v2\/posts\/1601\/revisions"}],"predecessor-version":[{"id":1603,"href":"https:\/\/zpyme.com.ar\/lapampa\/wp-json\/wp\/v2\/posts\/1601\/revisions\/1603"}],"wp:featuredmedia":[{"embeddable":true,"href":"https:\/\/zpyme.com.ar\/lapampa\/wp-json\/wp\/v2\/media\/1602"}],"wp:attachment":[{"href":"https:\/\/zpyme.com.ar\/lapampa\/wp-json\/wp\/v2\/media?parent=1601"}],"wp:term":[{"taxonomy":"category","embeddable":true,"href":"https:\/\/zpyme.com.ar\/lapampa\/wp-json\/wp\/v2\/categories?post=1601"},{"taxonomy":"post_tag","embeddable":true,"href":"https:\/\/zpyme.com.ar\/lapampa\/wp-json\/wp\/v2\/tags?post=1601"}],"curies":[{"name":"wp","href":"https:\/\/api.w.org\/{rel}","templated":true}]}}