{"id":1589,"date":"2022-04-21T13:04:55","date_gmt":"2022-04-21T16:04:55","guid":{"rendered":"https:\/\/zpyme.com.ar\/lapampa\/?p=1589"},"modified":"2022-04-21T13:04:55","modified_gmt":"2022-04-21T16:04:55","slug":"pensar-en-una-economia-de-bienestar-produccion-y-conocimiento-dijo-veronica-duarte","status":"publish","type":"post","link":"https:\/\/zpyme.com.ar\/lapampa\/2022\/04\/21\/pensar-en-una-economia-de-bienestar-produccion-y-conocimiento-dijo-veronica-duarte\/","title":{"rendered":"\u201cPensar en una econom\u00eda de bienestar, producci\u00f3n y conocimiento\u201d dijo Ver\u00f3nica Duarte"},"content":{"rendered":"<blockquote>\n<h4 class=\"lead nota-detalle-bajada\"><span style=\"color: #ff9900;\"><em><strong>La nueva directora ejecutiva de la Agencia de Ciencias, Tecnolog\u00eda e Innovaci\u00f3n Abierta, Ver\u00f3nica Duarte, analiz\u00f3\u00a0que \u201cest\u00e1 todo dado para que haya en La Pampa una Agencia que de un salto de calidad important\u00edsimo. Hay que pensar en t\u00e9rminos horizontales, de producci\u00f3n, de proximidad\u201d.<\/strong> <\/em><\/span><\/h4>\n<\/blockquote>\n<div class=\"nota-detalle-cuerpo\">\n<p>En di\u00e1logo con la Agencia Provincial de Noticias la directora expres\u00f3 que \u201cla Agencia es un desaf\u00edo porque implica dise\u00f1ar estrategias que impactan en todo el territorio de la Provincia y esto no se hace solo, hay consejos y \u00f3rganos que forman parte de la agencia y que habilitan definiciones\u201d.<br \/>\nLa idea coincide con lo expresado por el gobernador Sergio Ziliotto, quien en ocasi\u00f3n de enviar la Ley de creaci\u00f3n de la Agencia a la C\u00e1mara de Diputados para su tratamiento, a mediados del a\u00f1o pasado, dijo: \u201cse busca fortalecer y elevar la productividad, la competitividad, la equidad y la sustentabilidad de las distintas tramas de valor productivas, con la convicci\u00f3n de que las ciencias, las tecnolog\u00edas y las innovaciones son herramientas fundamentales para acceder a una econom\u00eda de bienestar, basada en el conocimiento\u201d.<\/p>\n<p><strong>Un desaf\u00edo personal<\/strong><br \/>\nAceptar el cargo fue \u201cun desaf\u00edo que tom\u00e9 con el mayor de los compromisos. Estoy convencida de que las cosas hay que caminarlas, por eso me propuse demostrar que se pueden hacer muchas cosas\u201d.\u00a0Ver\u00f3nica Duarte detall\u00f3 que el trabajo en ciencias y tecnolog\u00eda tiene \u201cuna historia en la Provincia. Durante estos \u00faltimos a\u00f1os se han fortalecido y se ha trabajado mucho. Este es el momento de salir a la cancha y demostrar lo hecho y lo que puede hacerse\u201d.<br \/>\nTras la renuncia de Luz Lardone, Duarte se hizo cargo de la Direcci\u00f3n Ejecutiva de la Agencia de Ciencias, Tecnolog\u00eda e Innovaci\u00f3n Abierta, la nueva funcionaria est\u00e1 titulada en Ciencias de la Educaci\u00f3n, Constructivismo y Educaci\u00f3n, y Desarrollo Territorial.<br \/>\nLa flamante directora de vasta trayectoria, se desempe\u00f1\u00f3 en el Centro Regional de Educaci\u00f3n Tecnol\u00f3gica (CERET), en la Municipalidad de General Pico, en el Ministerio de Desarrollo Social, en el Ministerio de Educaci\u00f3n y en la Facultad de Ingenier\u00eda de la UNLPam.<\/p>\n<p><strong>Etapas, plazos, funcionamiento y organizaci\u00f3n<\/strong><br \/>\nLuego de la primera reuni\u00f3n del Comit\u00e9 Ejecutivo de la Agencia, Ver\u00f3nica Duarte detall\u00f3 que est\u00e1n \u201cempezando a conformar la estructura de funcionamiento, a armar los reglamentos, a establecer pautas\u201d. Tambi\u00e9n especific\u00f3 que est\u00e1n \u201cconociendo los equipos\u201d.<\/p>\n<p><strong>El Polo Tecnol\u00f3gico<\/strong><br \/>\n\u201cLa Agencia -dijo Duarte- tiene que dictar normativas, reglamentar el Polo Tecnol\u00f3gico, y las l\u00edneas relacionadas a fomentar la investigaci\u00f3n b\u00e1sica y aplicada, coordinar planes y pautas con otros sectores, con instrumentos de formaci\u00f3n y fomento de proyectos, trabajar en pol\u00edticas de investigaci\u00f3n\u00bb.<br \/>\nNo olvid\u00f3 mencionar que en principio \u201cdefinir la agenda para este 2022 implica presentarla al Consejo de Administraci\u00f3n para su aprobaci\u00f3n\u201d.<\/p>\n<p><strong>Un salto cualitativo<\/strong><br \/>\n\u201cEst\u00e1 todo dado para que haya en La Pampa una Agencia que de un salto de calidad important\u00edsimo. Tenemos que seguir aprendiendo.<br \/>\nHay que pensar en t\u00e9rminos horizontales, de producci\u00f3n, de proximidad. El cambio hoy tiene que ver con espacios de gesti\u00f3n que hay que construir. Ser\u00e1 una construcci\u00f3n sumamente exitosa\u201d, enfatiz\u00f3 Duarte.<br \/>\nLa funcionaria tambi\u00e9n profundiz\u00f3 en la idea de que \u201cpensar en un ecosistema de innovaci\u00f3n y en la econom\u00eda del conocimiento como soporte de distintas industrias, tanto de los m\u00e1s tradicionales como de los m\u00e1s innovadores, requieren valor agregado, y la econom\u00eda del conocimiento en este sentido se materializa en proyectos y genera alternativas que son imposibles de lograr de otra forma\u201d.<br \/>\n\u201cRequerimos -plante\u00f3 &#8211; que nuestras empresas y nuestras industrias tengan valor agregado para poder dar un salto cualitativo y pensarse en nuevos mercados, con otras alternativas y visiones\u201d. Esto, \u00abes pensar en una econom\u00eda de bienestar, producci\u00f3n y conocimiento. La ciencia y la tecnolog\u00eda son herramientas transversales y esenciales en nuestro desarrollo productivo. Hay que caminar con pasos tranquilos y firmes\u201d, concluy\u00f3.\n<\/div>\n","protected":false},"excerpt":{"rendered":"<p>La nueva directora&#8230;<\/p>\n","protected":false},"author":2,"featured_media":1590,"comment_status":"open","ping_status":"open","sticky":false,"template":"","format":"standard","meta":{"_jetpack_memberships_contains_paid_content":false,"footnotes":""},"categories":[32,37],"tags":[],"class_list":["post-1589","post","type-post","status-publish","format-standard","has-post-thumbnail","hentry","category-noticias","category-tecno"],"jetpack_featured_media_url":"https:\/\/i0.wp.com\/zpyme.com.ar\/lapampa\/wp-content\/uploads\/2022\/04\/416911_img-20220420-wa0059.jpg?fit=1280%2C850&ssl=1","jetpack_sharing_enabled":true,"jetpack_likes_enabled":false,"_links":{"self":[{"href":"https:\/\/zpyme.com.ar\/lapampa\/wp-json\/wp\/v2\/posts\/1589","targetHints":{"allow":["GET"]}}],"collection":[{"href":"https:\/\/zpyme.com.ar\/lapampa\/wp-json\/wp\/v2\/posts"}],"about":[{"href":"https:\/\/zpyme.com.ar\/lapampa\/wp-json\/wp\/v2\/types\/post"}],"author":[{"embeddable":true,"href":"https:\/\/zpyme.com.ar\/lapampa\/wp-json\/wp\/v2\/users\/2"}],"replies":[{"embeddable":true,"href":"https:\/\/zpyme.com.ar\/lapampa\/wp-json\/wp\/v2\/comments?post=1589"}],"version-history":[{"count":1,"href":"https:\/\/zpyme.com.ar\/lapampa\/wp-json\/wp\/v2\/posts\/1589\/revisions"}],"predecessor-version":[{"id":1591,"href":"https:\/\/zpyme.com.ar\/lapampa\/wp-json\/wp\/v2\/posts\/1589\/revisions\/1591"}],"wp:featuredmedia":[{"embeddable":true,"href":"https:\/\/zpyme.com.ar\/lapampa\/wp-json\/wp\/v2\/media\/1590"}],"wp:attachment":[{"href":"https:\/\/zpyme.com.ar\/lapampa\/wp-json\/wp\/v2\/media?parent=1589"}],"wp:term":[{"taxonomy":"category","embeddable":true,"href":"https:\/\/zpyme.com.ar\/lapampa\/wp-json\/wp\/v2\/categories?post=1589"},{"taxonomy":"post_tag","embeddable":true,"href":"https:\/\/zpyme.com.ar\/lapampa\/wp-json\/wp\/v2\/tags?post=1589"}],"curies":[{"name":"wp","href":"https:\/\/api.w.org\/{rel}","templated":true}]}}