{"id":1583,"date":"2022-04-21T12:48:59","date_gmt":"2022-04-21T15:48:59","guid":{"rendered":"https:\/\/zpyme.com.ar\/lapampa\/?p=1583"},"modified":"2022-04-21T12:48:59","modified_gmt":"2022-04-21T15:48:59","slug":"comienza-a-perfilarse-la-creacion-de-la-empresa-cueros-del-oeste","status":"publish","type":"post","link":"https:\/\/zpyme.com.ar\/lapampa\/2022\/04\/21\/comienza-a-perfilarse-la-creacion-de-la-empresa-cueros-del-oeste\/","title":{"rendered":"Comienza a perfilarse la creaci\u00f3n de la empresa Cueros del Oeste"},"content":{"rendered":"<blockquote>\n<h4 class=\"lead nota-detalle-bajada\"><span style=\"color: #ff9900;\"><em><strong>El Concejo Deliberante de Santa Isabel aprob\u00f3 por unanimidad el proyecto fundacional de la empresa municipal Cueros del Oeste. \u00a0<\/strong><\/em><\/span><\/h4>\n<\/blockquote>\n<div class=\"nota-detalle-cuerpo\">Por tal motivo, el intendente local, Guillermo Farana, en di\u00e1logo con la Agencia Provincial de Noticias, resalt\u00f3 como positiva la aprobaci\u00f3n por parte del cuerpo deliberativo santaisabelino y a su vez adelant\u00f3 que \u00abse est\u00e1 construyendo el galp\u00f3n para comenzar con el acopio de los insumos\u00bb.<br \/>\nEn ese contexto no obvi\u00f3 resaltar \u00abel acompa\u00f1amiento permanente del Ministerio de la Producci\u00f3n\u00bb y mencion\u00f3 que \u201cseguir\u00e1 luchando\u201d para que se construya la traves\u00eda urbana. Farana mostr\u00f3 su satisfacci\u00f3n \u201cpor el anuncio del gobernador Sergio Ziliotto sobre la licitaci\u00f3n de un nuevo hospital para la localidad\u201d.<br \/>\nEl jefe comunal afirm\u00f3 estar contento y ansioso por concretar el proyecto de formaci\u00f3n de \u201cCueros del Oeste\u201d, que pas\u00f3 por el Concejo Deliberante donde fue aprobada por unanimidad la iniciativa que derivar\u00e1 en el tiempo en la puesta en marcha de \u201cuna empresa municipal de trabajo del cuero\u201d.<br \/>\nY agreg\u00f3 \u201cestamos cerrando el galp\u00f3n donde va a funcionar, hicimos la oficina y los ba\u00f1os como para ya comenzar con el acopio, salar y sobar los cueros. Por otro lado vamos a tener una persona que har\u00e1 trabajos de confecci\u00f3n de carteras y bolsos de cueros con dos m\u00e1quinas industriales\u201d.<br \/>\nPuntualiz\u00f3 que \u201ccon esto ya tendr\u00edamos a cuatro mujeres trabajando en este emprendimiento entre las que cosen y las que cortan. Ser\u00e1n productos manufacturados con la marca Cueros del Oeste-Santa Isabel-La Pampa, Patagonia Argentina. En un pueblo chico como el nuestro dar la posibilidad de trabajo a cuatro mujeres en la elaboraci\u00f3n y a cinco o seis m\u00e1s en el salado y sobado del cuero es muy importante\u201d.<\/p>\n<p><strong>Acompa\u00f1amiento<\/strong><br \/>\nEl intendente destac\u00f3 \u201cel trabajo y acompa\u00f1amiento\u201d del Ministerio de la Producci\u00f3n, desde la ministra Fernanda Gonz\u00e1lez, el subsecretario de Ganader\u00eda, Ricardo Baraldi y todo el equipo que conforma esa cartera con quienes \u201cestamos elaborando un proyecto para ver si podemos conseguir alguna m\u00e1quinas y aportes no reintegrables. Es un trabajo mancomunado entre el frigor\u00edfico que pertenece al Ministerio y el municipio, buscando que las mujeres que van a trabajar se capaciten en el elaborado de carteras y bolsos no solo de cuero de ovejas sino tambi\u00e9n de chivos\u201d.<br \/>\nPuntualiz\u00f3 que \u201chay 2500 animales faenados por mes. El frigor\u00edfico est\u00e1 trabajando muy bien cubriendo sus gastos y necesidades, y si nosotros podemos completar el c\u00edrculo con el aprovechamiento de los cueros, para Santa Isabel y su zona de influencia ser\u00e1 important\u00edsimo\u201d.<\/p>\n<p><strong>Traves\u00eda urbana<\/strong><br \/>\nFarana manifest\u00f3 que \u201cme hab\u00eda entusiasmado cuando visit\u00f3 la provincia el ministro Gabriel Katopodis porque pensamos que se nos pod\u00eda dar la construcci\u00f3n de la traves\u00eda urbana para Santa Isabel. Igualmente vamos a seguir insistiendo hablando con los diputados y senadores para lograr esto tan necesario para el pueblo. Es una ruta nacional, no es tanto el monto que se tiene que invertir, se puede hacer en dos o tres tramos para que quede una obra linda. Estamos muy entusiasmados con eso, de a poco vamos caminando y logrando las cosas\u201d.<\/p>\n<p><strong>Hospital<\/strong><br \/>\nPor otro lado el gobernador Sergio Ziliotto anunci\u00f3 que va a salir a licitaci\u00f3n un nuevo hospital para Santa Isabel \u201cy eso es muy bueno\u201d, apunt\u00f3.<br \/>\nAdem\u00e1s consider\u00f3 que \u00abantes del 25 de mayo tendremos terminadas las diez viviendas, precisamente el d\u00eda de la Patria, 10 vecinos de la localidad van a tener su techo propio y eso nos llena de orgullo porque tenemos poco tiempo de gesti\u00f3n que lo compensamos con mucho trabajo\u201d, enfatiz\u00f3.<\/p>\n<p><strong>Sal\u00f3n de Usos M\u00faltiples<\/strong><br \/>\nAdmiti\u00f3 que \u201cnos llen\u00f3 de alegr\u00eda la construcci\u00f3n del sal\u00f3n de usos m\u00faltiples, una obra nacional en un pueblo que es muy deportivo. Lamentablemente no tenemos lugares y fue muy bueno hacer cosas donde estaba la pista, hicimos pista de atletismo, ciclismo, se colocaron juegos, tenemos un circuito de la salud, etc. Vamos por parte, primero se limpi\u00f3 el espacio, se colocaron los juegos y muy pronto tendremos un sal\u00f3n de usos m\u00faltiples, pr\u00f3ximamente nos visitar\u00e1 la arquitecta de la Secretar\u00eda de Asuntos Municipales, Marta P\u00e9rez, para comenzar a realizar los planos y ver cu\u00e1l es la mejor ubicaci\u00f3n\u201d, reiter\u00f3.<\/div>\n<footer>\n<div class=\"row\">\n<div class=\"col-md-12 col-xs-12\"><\/div>\n<\/div>\n<\/footer>\n","protected":false},"excerpt":{"rendered":"<p>El Concejo Deliberante&#8230;<\/p>\n","protected":false},"author":2,"featured_media":1584,"comment_status":"open","ping_status":"open","sticky":false,"template":"","format":"standard","meta":{"_jetpack_memberships_contains_paid_content":false,"footnotes":""},"categories":[38,34,32],"tags":[],"class_list":["post-1583","post","type-post","status-publish","format-standard","has-post-thumbnail","hentry","category-agro","category-emprendedores","category-noticias"],"jetpack_featured_media_url":"https:\/\/i0.wp.com\/zpyme.com.ar\/lapampa\/wp-content\/uploads\/2022\/04\/125810_santa-isabel-02.jpg?fit=1600%2C900&ssl=1","jetpack_sharing_enabled":true,"jetpack_likes_enabled":false,"_links":{"self":[{"href":"https:\/\/zpyme.com.ar\/lapampa\/wp-json\/wp\/v2\/posts\/1583","targetHints":{"allow":["GET"]}}],"collection":[{"href":"https:\/\/zpyme.com.ar\/lapampa\/wp-json\/wp\/v2\/posts"}],"about":[{"href":"https:\/\/zpyme.com.ar\/lapampa\/wp-json\/wp\/v2\/types\/post"}],"author":[{"embeddable":true,"href":"https:\/\/zpyme.com.ar\/lapampa\/wp-json\/wp\/v2\/users\/2"}],"replies":[{"embeddable":true,"href":"https:\/\/zpyme.com.ar\/lapampa\/wp-json\/wp\/v2\/comments?post=1583"}],"version-history":[{"count":1,"href":"https:\/\/zpyme.com.ar\/lapampa\/wp-json\/wp\/v2\/posts\/1583\/revisions"}],"predecessor-version":[{"id":1585,"href":"https:\/\/zpyme.com.ar\/lapampa\/wp-json\/wp\/v2\/posts\/1583\/revisions\/1585"}],"wp:featuredmedia":[{"embeddable":true,"href":"https:\/\/zpyme.com.ar\/lapampa\/wp-json\/wp\/v2\/media\/1584"}],"wp:attachment":[{"href":"https:\/\/zpyme.com.ar\/lapampa\/wp-json\/wp\/v2\/media?parent=1583"}],"wp:term":[{"taxonomy":"category","embeddable":true,"href":"https:\/\/zpyme.com.ar\/lapampa\/wp-json\/wp\/v2\/categories?post=1583"},{"taxonomy":"post_tag","embeddable":true,"href":"https:\/\/zpyme.com.ar\/lapampa\/wp-json\/wp\/v2\/tags?post=1583"}],"curies":[{"name":"wp","href":"https:\/\/api.w.org\/{rel}","templated":true}]}}