{"id":1473,"date":"2022-03-23T13:46:46","date_gmt":"2022-03-23T16:46:46","guid":{"rendered":"https:\/\/zpyme.com.ar\/lapampa\/?p=1473"},"modified":"2022-03-23T13:46:46","modified_gmt":"2022-03-23T16:46:46","slug":"lanzaron-el-programa-de-fortalecimiento-de-destinos-turisticos-sostenibles-en-la-pampa","status":"publish","type":"post","link":"https:\/\/zpyme.com.ar\/lapampa\/2022\/03\/23\/lanzaron-el-programa-de-fortalecimiento-de-destinos-turisticos-sostenibles-en-la-pampa\/","title":{"rendered":"Lanzaron el programa de Fortalecimiento de Destinos Tur\u00edsticos Sostenibles en La Pampa"},"content":{"rendered":"<blockquote>\n<h4 class=\"lead nota-detalle-bajada\"><span style=\"color: #ff9900;\"><em><strong>La Secretar\u00eda de Turismo de La Pampa particip\u00f3 del lanzamiento de las directrices para la gesti\u00f3n integral de municipios tur\u00edsticos sostenibles.<\/strong><\/em><\/span><\/h4>\n<\/blockquote>\n<div class=\"nota-detalle-cuerpo\">\n<p>En el d\u00eda de la fecha, se realiz\u00f3 de manera virtual, la primera reuni\u00f3n del programa que tiene por objetivo la gesti\u00f3n ambiental y sostenibilidad, implementando acciones y estrategias de calidad basadas en la accesibilidad, sostenibilidad, turismo social, innovaci\u00f3n e igualdad de g\u00e9nero.<\/p>\n<p>Esta es una herramienta de calidad con el prop\u00f3sito de que cada municipio fortalezca la gesti\u00f3n interna, defina su pol\u00edtica tur\u00edstica local, conforme equipos interdisciplinarios, entre otros.<\/p>\n<p>El programa tendr\u00e1 una duraci\u00f3n de entre 4 a 6 meses y ser\u00e1 dictado de manera virtual y presencial en cuatro etapas: sensibilizaci\u00f3n virtual, asistencias t\u00e9cnicas presenciales, talleres virtuales y presenciales y la evaluaci\u00f3n.<\/p>\n<p>Participaron del encuentro, Gabriel Perrone, referente del programa de la Direcci\u00f3n Nacional de Calidad e Innovaci\u00f3n del Ministerio de Turismo y Deportes de la Naci\u00f3n. Por la provincia de La Pampa, la subsecretaria de Desarrollo Tur\u00edstico, Florencia Stefanazzi y la subdirectora de Municipios Tur\u00edsticos, Mar\u00eda Eugenia Debans. Adem\u00e1s estuvieron presentes, la intendenta de la localidad de Eduardo Castex, M\u00f3nica Elisabet Curutchet y la directora de Cultura, Turismo y Comunicaci\u00f3n, Andrea Meza y su equipo.<\/p>\n<\/div>\n<footer>\n<div class=\"row\">\n<div class=\"col-md-12 col-xs-12\"><\/div>\n<\/div>\n<\/footer>\n","protected":false},"excerpt":{"rendered":"<p>La Secretar\u00eda de&#8230;<\/p>\n","protected":false},"author":2,"featured_media":1474,"comment_status":"open","ping_status":"open","sticky":false,"template":"","format":"standard","meta":{"_jetpack_memberships_contains_paid_content":false,"footnotes":""},"categories":[34,33],"tags":[],"class_list":["post-1473","post","type-post","status-publish","format-standard","has-post-thumbnail","hentry","category-emprendedores","category-turismo"],"jetpack_featured_media_url":"https:\/\/i0.wp.com\/zpyme.com.ar\/lapampa\/wp-content\/uploads\/2022\/03\/623af856d85be.jpg?fit=900%2C507&ssl=1","jetpack_sharing_enabled":true,"jetpack_likes_enabled":false,"_links":{"self":[{"href":"https:\/\/zpyme.com.ar\/lapampa\/wp-json\/wp\/v2\/posts\/1473","targetHints":{"allow":["GET"]}}],"collection":[{"href":"https:\/\/zpyme.com.ar\/lapampa\/wp-json\/wp\/v2\/posts"}],"about":[{"href":"https:\/\/zpyme.com.ar\/lapampa\/wp-json\/wp\/v2\/types\/post"}],"author":[{"embeddable":true,"href":"https:\/\/zpyme.com.ar\/lapampa\/wp-json\/wp\/v2\/users\/2"}],"replies":[{"embeddable":true,"href":"https:\/\/zpyme.com.ar\/lapampa\/wp-json\/wp\/v2\/comments?post=1473"}],"version-history":[{"count":1,"href":"https:\/\/zpyme.com.ar\/lapampa\/wp-json\/wp\/v2\/posts\/1473\/revisions"}],"predecessor-version":[{"id":1475,"href":"https:\/\/zpyme.com.ar\/lapampa\/wp-json\/wp\/v2\/posts\/1473\/revisions\/1475"}],"wp:featuredmedia":[{"embeddable":true,"href":"https:\/\/zpyme.com.ar\/lapampa\/wp-json\/wp\/v2\/media\/1474"}],"wp:attachment":[{"href":"https:\/\/zpyme.com.ar\/lapampa\/wp-json\/wp\/v2\/media?parent=1473"}],"wp:term":[{"taxonomy":"category","embeddable":true,"href":"https:\/\/zpyme.com.ar\/lapampa\/wp-json\/wp\/v2\/categories?post=1473"},{"taxonomy":"post_tag","embeddable":true,"href":"https:\/\/zpyme.com.ar\/lapampa\/wp-json\/wp\/v2\/tags?post=1473"}],"curies":[{"name":"wp","href":"https:\/\/api.w.org\/{rel}","templated":true}]}}