{"id":1383,"date":"2022-03-10T13:19:28","date_gmt":"2022-03-10T16:19:28","guid":{"rendered":"https:\/\/zpyme.com.ar\/lapampa\/?p=1383"},"modified":"2022-03-10T15:25:28","modified_gmt":"2022-03-10T18:25:28","slug":"entregaron-elementos-del-programa-banco-de-herramientas-materiales-e-insumos","status":"publish","type":"post","link":"https:\/\/zpyme.com.ar\/lapampa\/2022\/03\/10\/entregaron-elementos-del-programa-banco-de-herramientas-materiales-e-insumos\/","title":{"rendered":"Entregaron elementos del programa \u201cBanco de Herramientas, Materiales e Insumos\u201d"},"content":{"rendered":"<header>\n<blockquote>\n<h1 class=\"nota-detalle-titulo\"><em><span style=\"font-size: 16px; color: #ff9900;\">En la localidad de Intendente Alvear, 23 emprendedoras y emprendedores accedieron hoy al programa \u201cBanco de Herramientas, Materiales e Insumos\u201d. La inversi\u00f3n total de los elementos entregados asciende a los $ 2.500.000.<\/span><\/em><\/h1>\n<\/blockquote>\n<\/header>\n<div class=\"nota-detalle-cuerpo\">El ministro de Desarrollo Social de La Pampa, Diego \u00c1lvarez, destac\u00f3 el trabajo conjunto entre los gobiernos nacional, provincial y municipal, \u201cpara que hoy sea una realidad efectiva la entrega de estas herramientas\u201d.<br \/>\nResalt\u00f3 el trabajo del equipo municipal de la localidad, \u201cya que es el segundo banco de herramientas que entregamos ac\u00e1. Esto habla del compromiso para que la documentaci\u00f3n que nos requer\u00edan y el trabajo t\u00e9cnico que hab\u00eda que hacer previamente se pueda realizar y hoy este hecho sea realidad\u201d.<br \/>\n\u201cDesde el Gobierno provincial pensamos que es importante la entrega de herramientas, pero tambi\u00e9n que se debe hacer un acompa\u00f1amiento al emprendedor. Hay muchos de ustedes que van a comenzar una actividad relacionada a esta entrega de herramientas, para poder ir mejorando su producci\u00f3n y la elaboraci\u00f3n de distintos productos que generen. Sepan que cuentan con el acompa\u00f1amiento provincial a trav\u00e9s de las capacitaciones t\u00e9cnicas, de lo administrativo, t\u00e9cnico y todo lo que les permita acceder a conocimientos para mejorar su producci\u00f3n y su comercializaci\u00f3n\u201d, agreg\u00f3.<br \/>\nFinalmente resalt\u00f3 la creaci\u00f3n del portal\u00a0 \u201cWENI\u201d, cuya direcci\u00f3n es www.weni.lapampa.gob.ar. Esta es una p\u00e1gina para emprendedoras y emprendedores, para productores en general, relacionado con la posibilidad de ofrecer el producto que ustedes generan, contar qui\u00e9nes son, a d\u00f3nde pertenecen, y esto es lo que les va a poder dar un valor social a todo lo que van produciendo y generando\u201d.<span style=\"color: #ff9900;\"><strong>Acompa\u00f1amiento del Gobierno provincial<\/strong><\/span><br \/>\nEl intendente Juan Cruz Barton agradeci\u00f3 la presencia de funcionarios del Gobierno provincial en Intendente Alvear. \u201cQuiero resaltar la funci\u00f3n de los ministros, son funcionarios que no se quedan en Casa de Gobierno, sino que salen a recorrer a cada una de las localidades, a charlar con la gente, a que les cuenten que es lo que est\u00e1n recibiendo, para qu\u00e9 lo van a utilizar. Hay un acompa\u00f1amiento de la provincia de La Pampa a las localidades y, a trav\u00e9s de las municipalidades, a la gente. Eso es muy importante\u201d.<br \/>\n\u201cTener los ministerios a disposici\u00f3n en cada una de las localidades es lo que hace destacar a este Gobierno provincial liderado por Sergio Ziliotto. As\u00ed que gracias a todos y que disfruten de cada uno de los emprendimientos\u201d, concluy\u00f3.<\/p>\n<p><strong>Visita a emprendedores<\/strong><br \/>\nLuego del acto, el ministro \u00c1lvarez, el intendente Barton, junto equipos municipales y provinciales, visitaron a emprendedores, comerciantes y profesionales locales.<br \/>\n\u201cEn cada uno de los lugares que recorrimos, encontramos la presencia del Estado. Son emprendedores de distintas ramas, que en alg\u00fan momento recurrieron por asesoramiento o asistencia del Gobierno provincial, para ampliar y mejorar sus productos\u201d, coment\u00f3 el ministro.<br \/>\n\u201cEstamos orgullosos de poder ver que el trabajo realizado entre Provincia y municipios, en varios casos con aportes nacionales, rinde sus frutos\u201d, finaliz\u00f3.<\/p>\n<\/div>\n","protected":false},"excerpt":{"rendered":"<p>En la localidad&#8230;<\/p>\n","protected":false},"author":2,"featured_media":1384,"comment_status":"open","ping_status":"open","sticky":false,"template":"","format":"standard","meta":{"_jetpack_memberships_contains_paid_content":false,"footnotes":""},"categories":[34],"tags":[],"class_list":["post-1383","post","type-post","status-publish","format-standard","has-post-thumbnail","hentry","category-emprendedores"],"jetpack_featured_media_url":"https:\/\/i0.wp.com\/zpyme.com.ar\/lapampa\/wp-content\/uploads\/2022\/03\/164957_img-20220309-wa0058.jpg?fit=1280%2C853&ssl=1","jetpack_sharing_enabled":true,"jetpack_likes_enabled":false,"_links":{"self":[{"href":"https:\/\/zpyme.com.ar\/lapampa\/wp-json\/wp\/v2\/posts\/1383","targetHints":{"allow":["GET"]}}],"collection":[{"href":"https:\/\/zpyme.com.ar\/lapampa\/wp-json\/wp\/v2\/posts"}],"about":[{"href":"https:\/\/zpyme.com.ar\/lapampa\/wp-json\/wp\/v2\/types\/post"}],"author":[{"embeddable":true,"href":"https:\/\/zpyme.com.ar\/lapampa\/wp-json\/wp\/v2\/users\/2"}],"replies":[{"embeddable":true,"href":"https:\/\/zpyme.com.ar\/lapampa\/wp-json\/wp\/v2\/comments?post=1383"}],"version-history":[{"count":2,"href":"https:\/\/zpyme.com.ar\/lapampa\/wp-json\/wp\/v2\/posts\/1383\/revisions"}],"predecessor-version":[{"id":1392,"href":"https:\/\/zpyme.com.ar\/lapampa\/wp-json\/wp\/v2\/posts\/1383\/revisions\/1392"}],"wp:featuredmedia":[{"embeddable":true,"href":"https:\/\/zpyme.com.ar\/lapampa\/wp-json\/wp\/v2\/media\/1384"}],"wp:attachment":[{"href":"https:\/\/zpyme.com.ar\/lapampa\/wp-json\/wp\/v2\/media?parent=1383"}],"wp:term":[{"taxonomy":"category","embeddable":true,"href":"https:\/\/zpyme.com.ar\/lapampa\/wp-json\/wp\/v2\/categories?post=1383"},{"taxonomy":"post_tag","embeddable":true,"href":"https:\/\/zpyme.com.ar\/lapampa\/wp-json\/wp\/v2\/tags?post=1383"}],"curies":[{"name":"wp","href":"https:\/\/api.w.org\/{rel}","templated":true}]}}